{"id":908,"date":"2017-11-20T17:23:47","date_gmt":"2017-11-20T16:23:47","guid":{"rendered":"https:\/\/blocs.xtec.cat\/rosercapdevila3\/?p=908"},"modified":"2017-11-20T17:23:47","modified_gmt":"2017-11-20T16:23:47","slug":"4t-taller-de-compostatge","status":"publish","type":"post","link":"https:\/\/agora.xtec.cat\/ceiprosercapdevila\/general\/4t-taller-de-compostatge\/","title":{"rendered":"4t-Taller de compostatge"},"content":{"rendered":"<p style=\"text-align: left;\"><span style=\"color: #000000;\">Aquest mat\u00ed ens han vingut a fer un taller sobre el compostatge i a\u00edx\u00ed poder fer-ho despr\u00e9s a l&#8217;escola.<\/span><\/p>\n<p><span style=\"color: #800000;\"><a style=\"color: #800000;\" href=\"https:\/\/photos.app.goo.gl\/pPbVC9Zvdbxt3Chh1\"><img loading=\"lazy\" decoding=\"async\" class=\"irc_mi aligncenter\" src=\"http:\/\/www.cresidusvoc.cat\/recursos\/crvo\/arxiuimatges\/circulo.jpg\" alt=\"Resultat d'imatges de compostatge\" width=\"238\" height=\"230\" \/><\/a><\/span><\/p>\n","protected":false},"excerpt":{"rendered":"<p>Aquest mat\u00ed ens han vingut a fer un taller sobre el compostatge i a\u00edx\u00ed poder fer-ho despr\u00e9s a l&#8217;escola.<br \/>\n<a style=\"color: #800000;\" href=\"https:\/\/photos.app.goo.gl\/pPbVC9Zvdbxt3Chh1\"><\/a><\/p>\n","protected":false},"author":4,"featured_media":0,"comment_status":"open","ping_status":"open","sticky":false,"template":"","format":"standard","meta":{"_bbp_topic_count":0,"_bbp_reply_count":0,"_bbp_total_topic_count":0,"_bbp_total_reply_count":0,"_bbp_voice_count":0,"_bbp_anonymous_reply_count":0,"_bbp_topic_count_hidden":0,"_bbp_reply_count_hidden":0,"_bbp_forum_subforum_count":0,"footnotes":""},"categories":[60,1],"tags":[],"class_list":["post-908","post","type-post","status-publish","format-standard","hentry","category-cicle-mitja","category-general"],"post_mailing_queue_ids":[],"_links":{"self":[{"href":"https:\/\/agora.xtec.cat\/ceiprosercapdevila\/wp-json\/wp\/v2\/posts\/908","targetHints":{"allow":["GET"]}}],"collection":[{"href":"https:\/\/agora.xtec.cat\/ceiprosercapdevila\/wp-json\/wp\/v2\/posts"}],"about":[{"href":"https:\/\/agora.xtec.cat\/ceiprosercapdevila\/wp-json\/wp\/v2\/types\/post"}],"author":[{"embeddable":true,"href":"https:\/\/agora.xtec.cat\/ceiprosercapdevila\/wp-json\/wp\/v2\/users\/4"}],"replies":[{"embeddable":true,"href":"https:\/\/agora.xtec.cat\/ceiprosercapdevila\/wp-json\/wp\/v2\/comments?post=908"}],"version-history":[{"count":0,"href":"https:\/\/agora.xtec.cat\/ceiprosercapdevila\/wp-json\/wp\/v2\/posts\/908\/revisions"}],"wp:attachment":[{"href":"https:\/\/agora.xtec.cat\/ceiprosercapdevila\/wp-json\/wp\/v2\/media?parent=908"}],"wp:term":[{"taxonomy":"category","embeddable":true,"href":"https:\/\/agora.xtec.cat\/ceiprosercapdevila\/wp-json\/wp\/v2\/categories?post=908"},{"taxonomy":"post_tag","embeddable":true,"href":"https:\/\/agora.xtec.cat\/ceiprosercapdevila\/wp-json\/wp\/v2\/tags?post=908"}],"curies":[{"name":"wp","href":"https:\/\/api.w.org\/{rel}","templated":true}]}}