{"id":877,"date":"2017-11-09T13:24:46","date_gmt":"2017-11-09T12:24:46","guid":{"rendered":"https:\/\/blocs.xtec.cat\/rosercapdevila3\/?p=877"},"modified":"2017-11-09T13:24:46","modified_gmt":"2017-11-09T12:24:46","slug":"4t-taller-de-cinema","status":"publish","type":"post","link":"https:\/\/agora.xtec.cat\/ceiprosercapdevila\/general\/4t-taller-de-cinema\/","title":{"rendered":"4t-Taller de cinema"},"content":{"rendered":"<p>Avui ens han vingut a la classe a fer un taller sobre el cinema molt interessant i divertit. Hem apres moltes coses sobre els diferents sistemes d&#8217;animaci\u00f3 d&#8217;imatges i despr\u00e9s\u00a0 cada nen ha fet la seva pr\u00f2pia tira per despr\u00e9s veure l&#8217;animaci\u00f3 en un dels aparells.<\/p>\n<p><a href=\"https:\/\/photos.google.com\/album\/AF1QipOC5c8sClp-IaVtadM1dWffNucNFenKvD3SuaUL\"><img loading=\"lazy\" decoding=\"async\" class=\"irc_mi aligncenter\" src=\"http:\/\/noticias.universia.es\/net\/images\/cultura\/c\/co\/con\/conoce-8-festivales-cine-nacionales-inernacionales-vigentes.jpg\" alt=\"Resultat d'imatges de cine\" width=\"417\" height=\"205\" \/><\/a><\/p>\n","protected":false},"excerpt":{"rendered":"<p>Avui ens han vingut a la classe a fer un taller sobre el cinema molt interessant i divertit. Hem apres moltes coses sobre els diferents sistemes d&#8217;animaci\u00f3 d&#8217;imatges i despr\u00e9s\u00a0 cada nen ha fet la seva pr\u00f2pia tira per despr\u00e9s veure l&#8217;animaci\u00f3 en un dels&hellip;  <a href=\"https:\/\/agora.xtec.cat\/ceiprosercapdevila\/general\/4t-taller-de-cinema\/\" title=\"Read 4t-Taller de cinema\">Llegeix m\u00e9s\u00bb<\/a><\/p>\n","protected":false},"author":4,"featured_media":0,"comment_status":"open","ping_status":"open","sticky":false,"template":"","format":"standard","meta":{"_bbp_topic_count":0,"_bbp_reply_count":0,"_bbp_total_topic_count":0,"_bbp_total_reply_count":0,"_bbp_voice_count":0,"_bbp_anonymous_reply_count":0,"_bbp_topic_count_hidden":0,"_bbp_reply_count_hidden":0,"_bbp_forum_subforum_count":0,"footnotes":""},"categories":[1],"tags":[],"class_list":["post-877","post","type-post","status-publish","format-standard","hentry","category-general"],"post_mailing_queue_ids":[],"_links":{"self":[{"href":"https:\/\/agora.xtec.cat\/ceiprosercapdevila\/wp-json\/wp\/v2\/posts\/877","targetHints":{"allow":["GET"]}}],"collection":[{"href":"https:\/\/agora.xtec.cat\/ceiprosercapdevila\/wp-json\/wp\/v2\/posts"}],"about":[{"href":"https:\/\/agora.xtec.cat\/ceiprosercapdevila\/wp-json\/wp\/v2\/types\/post"}],"author":[{"embeddable":true,"href":"https:\/\/agora.xtec.cat\/ceiprosercapdevila\/wp-json\/wp\/v2\/users\/4"}],"replies":[{"embeddable":true,"href":"https:\/\/agora.xtec.cat\/ceiprosercapdevila\/wp-json\/wp\/v2\/comments?post=877"}],"version-history":[{"count":0,"href":"https:\/\/agora.xtec.cat\/ceiprosercapdevila\/wp-json\/wp\/v2\/posts\/877\/revisions"}],"wp:attachment":[{"href":"https:\/\/agora.xtec.cat\/ceiprosercapdevila\/wp-json\/wp\/v2\/media?parent=877"}],"wp:term":[{"taxonomy":"category","embeddable":true,"href":"https:\/\/agora.xtec.cat\/ceiprosercapdevila\/wp-json\/wp\/v2\/categories?post=877"},{"taxonomy":"post_tag","embeddable":true,"href":"https:\/\/agora.xtec.cat\/ceiprosercapdevila\/wp-json\/wp\/v2\/tags?post=877"}],"curies":[{"name":"wp","href":"https:\/\/api.w.org\/{rel}","templated":true}]}}