{"id":868,"date":"2017-11-03T19:14:41","date_gmt":"2017-11-03T18:14:41","guid":{"rendered":"https:\/\/blocs.xtec.cat\/rosercapdevila3\/?p=868"},"modified":"2017-11-03T19:14:41","modified_gmt":"2017-11-03T18:14:41","slug":"lescola-es-vesteix-de-tardor","status":"publish","type":"post","link":"https:\/\/agora.xtec.cat\/ceiprosercapdevila\/general\/lescola-es-vesteix-de-tardor\/","title":{"rendered":"L&#8217;escola es vesteix de tardor"},"content":{"rendered":"<p>Durant aquest dies, a poc a poc, l&#8217;escola s&#8217;ha anat vestint de tardor. Amb l&#8217;ajuda de les fam\u00edlies de l&#8217;escola s&#8217;ha decorat les entrades d&#8217;infantil, prim\u00e0ria i vest\u00edbul del centre. Utilitzant diferents elements com fulles, rames, aglans,\u00a0 pinyes, roba, fils, llana, dibuixos de tardor i altres materials creant espectaculars m\u00f2bils. Aquest any com ha novetat, al vest\u00edbul de prim\u00e0ria, s&#8217;ha creat un espai amb elements de Halloween que tamb\u00e9 ha quedat molt i molt b\u00e9!!<\/p>\n<p>Amb diferents motius, tots aquest canvis,\u00a0 ens mostren el canvi d&#8217;estaci\u00f3.<\/p>\n<p>Moltes gr\u00e0cies a tots\/es!!<\/p>\n<p>Us mostrem unes imatges amb les diferents decoracions:<\/p>\n<p><a href=\"https:\/\/photos.google.com\/share\/AF1QipNhINfy_ZfX06HNjFrVe9OlzhQXxAAJ7kRyaA-5xyPr7_2EykZj4XG2rD99kRD94g?key=T29ZcUVFYVA1cklVR1NzSlVJV19OLV8yQjU1bnJR\" target=\"_blank\"><img loading=\"lazy\" decoding=\"async\" class=\"alignnone\" src=\"https:\/\/lh3.googleusercontent.com\/HGCAl7-Mr4XQWsbyzetOZJ8Wz5OM8X1fH45qzTcRcFQnmXazlZO13gLO0GV7SAMpdfDUit_fqJxpQHgpM4kSdmfJeCgrl4-07caS1XyQiCHDs8YECkbGU0Zbe7v4EARrHpRM4wgcFwK6FijVQvFcmaHlpcRXpkhSTfrV7YMU4kMLWawguMV6srJ60h8gIn7e0oZ-o6TBMterIuwSJnMcjlxayUBz5kukUe3WYCOv6oZhLbNW_MTzKVdZmlMXrMqWY7imzB4_QAUv1Yp176QYRyluE9FaaVoG_Lak_oM0s6xsvx3TgdeoZgO3kGweAShj8LdpKavoAdfud7HMH3by2-T6bnppb7_hgjdVuIg13EmgSDgtCHSHBQyJxeXs8mbdd9Q4ee743dDdXfKwEtpOXUIvBItGB31L5W5l2Lk3rUhw5iwSYg_BaJJdjYOaWiOXdi0NfXSYn6n1lpI-QutBgzx_KvEwpHPBrvp2me6Ld7HIUaVwhD4vLVWpqYxu-Ae2_8LKDM0Td7GRAPWXQ4tr3_KhX3vMFTGOftchpkuA4pWxBY5Dty2SnqpxlkWOUxF3rwq06ijtbg2K_x1uqucX5M2-8KyAV_x13s85DwW6B3Bxl-mSGipTMTHq-dopshiunHASneuW91lyQKGzE8XaflHXJ6tCxUgVUr-f=w640-h480-no\" width=\"640\" height=\"480\" \/><\/a><\/p>\n<p>&nbsp;<\/p>\n<p>&nbsp;<\/p>\n","protected":false},"excerpt":{"rendered":"<p>Durant aquest dies, a poc a poc, l&#8217;escola s&#8217;ha anat vestint de tardor. Amb l&#8217;ajuda de les fam\u00edlies de l&#8217;escola s&#8217;ha decorat les entrades d&#8217;infantil, prim\u00e0ria i vest\u00edbul del centre. Utilitzant diferents elements com fulles, rames, aglans,\u00a0 pinyes, roba, fils, llana, dibuixos de tardor i&hellip;  <a href=\"https:\/\/agora.xtec.cat\/ceiprosercapdevila\/general\/lescola-es-vesteix-de-tardor\/\" title=\"Read L&#8217;escola es vesteix de tardor\">Llegeix m\u00e9s\u00bb<\/a><\/p>\n","protected":false},"author":3,"featured_media":0,"comment_status":"open","ping_status":"open","sticky":false,"template":"","format":"standard","meta":{"_bbp_topic_count":0,"_bbp_reply_count":0,"_bbp_total_topic_count":0,"_bbp_total_reply_count":0,"_bbp_voice_count":0,"_bbp_anonymous_reply_count":0,"_bbp_topic_count_hidden":0,"_bbp_reply_count_hidden":0,"_bbp_forum_subforum_count":0,"footnotes":""},"categories":[1],"tags":[],"class_list":["post-868","post","type-post","status-publish","format-standard","hentry","category-general"],"post_mailing_queue_ids":[],"_links":{"self":[{"href":"https:\/\/agora.xtec.cat\/ceiprosercapdevila\/wp-json\/wp\/v2\/posts\/868","targetHints":{"allow":["GET"]}}],"collection":[{"href":"https:\/\/agora.xtec.cat\/ceiprosercapdevila\/wp-json\/wp\/v2\/posts"}],"about":[{"href":"https:\/\/agora.xtec.cat\/ceiprosercapdevila\/wp-json\/wp\/v2\/types\/post"}],"author":[{"embeddable":true,"href":"https:\/\/agora.xtec.cat\/ceiprosercapdevila\/wp-json\/wp\/v2\/users\/3"}],"replies":[{"embeddable":true,"href":"https:\/\/agora.xtec.cat\/ceiprosercapdevila\/wp-json\/wp\/v2\/comments?post=868"}],"version-history":[{"count":0,"href":"https:\/\/agora.xtec.cat\/ceiprosercapdevila\/wp-json\/wp\/v2\/posts\/868\/revisions"}],"wp:attachment":[{"href":"https:\/\/agora.xtec.cat\/ceiprosercapdevila\/wp-json\/wp\/v2\/media?parent=868"}],"wp:term":[{"taxonomy":"category","embeddable":true,"href":"https:\/\/agora.xtec.cat\/ceiprosercapdevila\/wp-json\/wp\/v2\/categories?post=868"},{"taxonomy":"post_tag","embeddable":true,"href":"https:\/\/agora.xtec.cat\/ceiprosercapdevila\/wp-json\/wp\/v2\/tags?post=868"}],"curies":[{"name":"wp","href":"https:\/\/api.w.org\/{rel}","templated":true}]}}