{"id":865,"date":"2017-10-31T19:35:46","date_gmt":"2017-10-31T18:35:46","guid":{"rendered":"https:\/\/blocs.xtec.cat\/rosercapdevila3\/?p=865"},"modified":"2017-10-31T19:35:46","modified_gmt":"2017-10-31T18:35:46","slug":"revista-periodistes-numero-1","status":"publish","type":"post","link":"https:\/\/agora.xtec.cat\/ceiprosercapdevila\/general\/revista-periodistes-numero-1\/","title":{"rendered":"Revista Periodistes n\u00famero 1"},"content":{"rendered":"<p>Aqu\u00ed teniu el primer n\u00famero de la revista Periodistes. L&#8217;alumnat de 6\u00e8A s&#8217;ha encarregat de fer aquesta publicaci\u00f3 d&#8217;informaci\u00f3\u00a0de l&#8217;actualitat d&#8217;all\u00f2\u00a0fem a l&#8217;escola. Expliqueu-nos amb comentaris qu\u00e8 us sembla.<\/p>\n<p>&nbsp;<\/p>\n<div data-configid=\"1187723\/54798301\" style=\"width:600px; height:424px;\" class=\"issuuembed\"><\/div>\n<p><script type=\"text\/javascript\" src=\"\/\/e.issuu.com\/embed.js\" async=\"true\"><\/script><\/p>\n","protected":false},"excerpt":{"rendered":"<p>Aqu\u00ed teniu el primer n\u00famero de la revista Periodistes. L&#8217;alumnat de 6\u00e8A s&#8217;ha encarregat de fer aquesta publicaci\u00f3 d&#8217;informaci\u00f3\u00a0de l&#8217;actualitat d&#8217;all\u00f2\u00a0fem a l&#8217;escola. Expliqueu-nos amb comentaris qu\u00e8 us sembla.<br \/>\n&nbsp;<\/p>\n","protected":false},"author":1,"featured_media":0,"comment_status":"open","ping_status":"open","sticky":false,"template":"","format":"standard","meta":{"_bbp_topic_count":0,"_bbp_reply_count":0,"_bbp_total_topic_count":0,"_bbp_total_reply_count":0,"_bbp_voice_count":0,"_bbp_anonymous_reply_count":0,"_bbp_topic_count_hidden":0,"_bbp_reply_count_hidden":0,"_bbp_forum_subforum_count":0,"footnotes":""},"categories":[1],"tags":[67,68],"class_list":["post-865","post","type-post","status-publish","format-standard","hentry","category-general","tag-informacio","tag-revista"],"post_mailing_queue_ids":[],"_links":{"self":[{"href":"https:\/\/agora.xtec.cat\/ceiprosercapdevila\/wp-json\/wp\/v2\/posts\/865","targetHints":{"allow":["GET"]}}],"collection":[{"href":"https:\/\/agora.xtec.cat\/ceiprosercapdevila\/wp-json\/wp\/v2\/posts"}],"about":[{"href":"https:\/\/agora.xtec.cat\/ceiprosercapdevila\/wp-json\/wp\/v2\/types\/post"}],"author":[{"embeddable":true,"href":"https:\/\/agora.xtec.cat\/ceiprosercapdevila\/wp-json\/wp\/v2\/users\/1"}],"replies":[{"embeddable":true,"href":"https:\/\/agora.xtec.cat\/ceiprosercapdevila\/wp-json\/wp\/v2\/comments?post=865"}],"version-history":[{"count":0,"href":"https:\/\/agora.xtec.cat\/ceiprosercapdevila\/wp-json\/wp\/v2\/posts\/865\/revisions"}],"wp:attachment":[{"href":"https:\/\/agora.xtec.cat\/ceiprosercapdevila\/wp-json\/wp\/v2\/media?parent=865"}],"wp:term":[{"taxonomy":"category","embeddable":true,"href":"https:\/\/agora.xtec.cat\/ceiprosercapdevila\/wp-json\/wp\/v2\/categories?post=865"},{"taxonomy":"post_tag","embeddable":true,"href":"https:\/\/agora.xtec.cat\/ceiprosercapdevila\/wp-json\/wp\/v2\/tags?post=865"}],"curies":[{"name":"wp","href":"https:\/\/api.w.org\/{rel}","templated":true}]}}