{"id":855,"date":"2016-12-09T20:09:46","date_gmt":"2016-12-09T19:09:46","guid":{"rendered":"https:\/\/blocs.xtec.cat\/rosercapdevila3\/?p=117"},"modified":"2016-12-09T20:09:46","modified_gmt":"2016-12-09T19:09:46","slug":"sortida-de-primer-a-can-ribas","status":"publish","type":"post","link":"https:\/\/agora.xtec.cat\/ceiprosercapdevila\/general\/sortida-de-primer-a-can-ribas\/","title":{"rendered":"Sortida de primer a Can Ribas!!!"},"content":{"rendered":"<p>Els nens i nenes de primer hem anat a Can Ribas per con\u00e8ixer el proc\u00e9s de l&#8217;elaboraci\u00f3 de l&#8217;oli. La Laia i el Sergi, els nostres monitors, ens han ensenyat a fer-ho!!<\/p>\n<p>Despr\u00e9s de recollir les olives de les oliveres hem iniciat el proc\u00e9s rentant-les i triturant-les. Un cop fet aix\u00f2 les hem posat a sobre dels cofins per a poder-les premsar i separar l&#8217;oli de l&#8217;aigua. Hem descobert moltes coses!!!<\/p>\n<p>Tamb\u00e9 hem tingut temps de jugar amb els nostres companys\/es i ens ho hem passat d&#8217;all\u00f2 m\u00e9s b\u00e9!!<\/p>\n<p>Si voleu veure les fotos cliqueu a la imatge.<\/p>\n<p><a href=\"https:\/\/goo.gl\/photos\/Modh1qySDXPYeWnK9\"><img loading=\"lazy\" decoding=\"async\" class=\"aligncenter wp-image-195\" src=\"http:\/\/blocs.xtec.cat\/rosercapdevila3\/files\/2016\/12\/DSCN1543-FILEminimizer-1024x768.jpg\" alt=\"dscn1543-fileminimizer\" width=\"528\" height=\"396\" \/><\/a><\/p>\n<p>&nbsp;<\/p>\n<p>&nbsp;<\/p>\n<p>&nbsp;<\/p>\n<p>&nbsp;<\/p>\n","protected":false},"excerpt":{"rendered":"<p>Els nens i nenes de primer hem anat a Can Ribas per con\u00e8ixer el proc\u00e9s de l&#8217;elaboraci\u00f3 de l&#8217;oli. La Laia i el Sergi, els nostres monitors, ens han ensenyat a fer-ho!!<br \/>\nDespr\u00e9s de recollir les olives de les oliveres hem iniciat el proc\u00e9s rentant-les i&hellip;  <a href=\"https:\/\/agora.xtec.cat\/ceiprosercapdevila\/general\/sortida-de-primer-a-can-ribas\/\" title=\"Read Sortida de primer a Can Ribas!!!\">Llegeix m\u00e9s\u00bb<\/a><\/p>\n","protected":false},"author":11,"featured_media":0,"comment_status":"open","ping_status":"open","sticky":false,"template":"","format":"standard","meta":{"_bbp_topic_count":0,"_bbp_reply_count":0,"_bbp_total_topic_count":0,"_bbp_total_reply_count":0,"_bbp_voice_count":0,"_bbp_anonymous_reply_count":0,"_bbp_topic_count_hidden":0,"_bbp_reply_count_hidden":0,"_bbp_forum_subforum_count":0,"footnotes":""},"categories":[59,1,66],"tags":[],"class_list":["post-855","post","type-post","status-publish","format-standard","hentry","category-cicle-inicial","category-general","category-primer"],"post_mailing_queue_ids":[],"_links":{"self":[{"href":"https:\/\/agora.xtec.cat\/ceiprosercapdevila\/wp-json\/wp\/v2\/posts\/855","targetHints":{"allow":["GET"]}}],"collection":[{"href":"https:\/\/agora.xtec.cat\/ceiprosercapdevila\/wp-json\/wp\/v2\/posts"}],"about":[{"href":"https:\/\/agora.xtec.cat\/ceiprosercapdevila\/wp-json\/wp\/v2\/types\/post"}],"author":[{"embeddable":true,"href":"https:\/\/agora.xtec.cat\/ceiprosercapdevila\/wp-json\/wp\/v2\/users\/11"}],"replies":[{"embeddable":true,"href":"https:\/\/agora.xtec.cat\/ceiprosercapdevila\/wp-json\/wp\/v2\/comments?post=855"}],"version-history":[{"count":0,"href":"https:\/\/agora.xtec.cat\/ceiprosercapdevila\/wp-json\/wp\/v2\/posts\/855\/revisions"}],"wp:attachment":[{"href":"https:\/\/agora.xtec.cat\/ceiprosercapdevila\/wp-json\/wp\/v2\/media?parent=855"}],"wp:term":[{"taxonomy":"category","embeddable":true,"href":"https:\/\/agora.xtec.cat\/ceiprosercapdevila\/wp-json\/wp\/v2\/categories?post=855"},{"taxonomy":"post_tag","embeddable":true,"href":"https:\/\/agora.xtec.cat\/ceiprosercapdevila\/wp-json\/wp\/v2\/tags?post=855"}],"curies":[{"name":"wp","href":"https:\/\/api.w.org\/{rel}","templated":true}]}}