{"id":851,"date":"2016-12-01T13:12:02","date_gmt":"2016-12-01T12:12:02","guid":{"rendered":"https:\/\/blocs.xtec.cat\/rosercapdevila3\/?p=56"},"modified":"2016-12-01T13:12:02","modified_gmt":"2016-12-01T12:12:02","slug":"sortida-titelles-p3","status":"publish","type":"post","link":"https:\/\/agora.xtec.cat\/ceiprosercapdevila\/general\/sortida-titelles-p3\/","title":{"rendered":"Sortida Titelles P3"},"content":{"rendered":"<p>Avui hem anat a Palau-Solit\u00e0 i Plegamans a fer el taller dels Titelles. Hem vist molts tipus de titelles, ens han explicat contes, hem constru\u00eft el nostre i hem gaudit molt. Voleu veure les fotos?? cliqueu a la seg\u00fcent<a href=\"https:\/\/goo.gl\/photos\/U5UfV4WFDsGtiz9c7\"><img loading=\"lazy\" decoding=\"async\" class=\"wp-image-58 aligncenter\" src=\"http:\/\/agora.xtec.cat\/ceiprosercapdevila\/wp-content\/uploads\/usu1162\/2016\/12\/IMG_20161201_112219-FILEminimizer-1024x768.jpg\" alt=\"img_20161201_112219-fileminimizer\" width=\"311\" height=\"233\" \/><\/a><\/p>\n","protected":false},"excerpt":{"rendered":"<p>Avui hem anat a Palau-Solit\u00e0 i Plegamans a fer el taller dels Titelles. Hem vist molts tipus de titelles, ens han explicat contes, hem constru\u00eft el nostre i hem gaudit molt. Voleu veure les fotos?? cliqueu a la seg\u00fcent<a href=\"https:\/\/goo.gl\/photos\/U5UfV4WFDsGtiz9c7\"><\/a><\/p>\n","protected":false},"author":7,"featured_media":0,"comment_status":"open","ping_status":"open","sticky":false,"template":"","format":"standard","meta":{"_bbp_topic_count":0,"_bbp_reply_count":0,"_bbp_total_topic_count":0,"_bbp_total_reply_count":0,"_bbp_voice_count":0,"_bbp_anonymous_reply_count":0,"_bbp_topic_count_hidden":0,"_bbp_reply_count_hidden":0,"_bbp_forum_subforum_count":0,"footnotes":""},"categories":[1],"tags":[],"class_list":["post-851","post","type-post","status-publish","format-standard","hentry","category-general"],"post_mailing_queue_ids":[],"_links":{"self":[{"href":"https:\/\/agora.xtec.cat\/ceiprosercapdevila\/wp-json\/wp\/v2\/posts\/851","targetHints":{"allow":["GET"]}}],"collection":[{"href":"https:\/\/agora.xtec.cat\/ceiprosercapdevila\/wp-json\/wp\/v2\/posts"}],"about":[{"href":"https:\/\/agora.xtec.cat\/ceiprosercapdevila\/wp-json\/wp\/v2\/types\/post"}],"author":[{"embeddable":true,"href":"https:\/\/agora.xtec.cat\/ceiprosercapdevila\/wp-json\/wp\/v2\/users\/7"}],"replies":[{"embeddable":true,"href":"https:\/\/agora.xtec.cat\/ceiprosercapdevila\/wp-json\/wp\/v2\/comments?post=851"}],"version-history":[{"count":0,"href":"https:\/\/agora.xtec.cat\/ceiprosercapdevila\/wp-json\/wp\/v2\/posts\/851\/revisions"}],"wp:attachment":[{"href":"https:\/\/agora.xtec.cat\/ceiprosercapdevila\/wp-json\/wp\/v2\/media?parent=851"}],"wp:term":[{"taxonomy":"category","embeddable":true,"href":"https:\/\/agora.xtec.cat\/ceiprosercapdevila\/wp-json\/wp\/v2\/categories?post=851"},{"taxonomy":"post_tag","embeddable":true,"href":"https:\/\/agora.xtec.cat\/ceiprosercapdevila\/wp-json\/wp\/v2\/tags?post=851"}],"curies":[{"name":"wp","href":"https:\/\/api.w.org\/{rel}","templated":true}]}}