{"id":849,"date":"2016-12-12T10:35:14","date_gmt":"2016-12-12T09:35:14","guid":{"rendered":"https:\/\/blocs.xtec.cat\/rosercapdevila3\/?p=35"},"modified":"2016-12-12T10:35:14","modified_gmt":"2016-12-12T09:35:14","slug":"p4-experimentacio-el-repte-de-separar-petites-coses","status":"publish","type":"post","link":"https:\/\/agora.xtec.cat\/ceiprosercapdevila\/general\/p4-experimentacio-el-repte-de-separar-petites-coses\/","title":{"rendered":"P4 Experimentaci\u00f3: El repte de separar petites coses!"},"content":{"rendered":"<p>La nostra missi\u00f3 \u00e9s separar elements que es troben barrejats. Per un costat macarrons, les mongetes negres i farina i per un altre sal grossa, macarrons integrals i grans de caf\u00e8.<\/p>\n<p>Per realitzar-ho tenim eines: culleres, pinces, pales petites i coladors.<\/p>\n<p>Els infants despr\u00e9s d\u2019observar, no dubten en realitzar el repte i xino, xano, &#8230;. ho aconseguim!!!<\/p>\n<p>Quan acabem de recollir, seiem i en parlem. <strong><em>Com heu separat els elements? Amb quines eines? Quines eines us han anat millor? Tots els elements passaven pels coladors? Per qu\u00e8?<\/em><\/strong><\/p>\n<p>Amb l\u2019experi\u00e8ncia els nens i nenes han comentat:<\/p>\n<p>&#8211; Els macarrons, les mongetes i els grans de caf\u00e8 s\u00f3n massa grans per passar pels coladors.<\/p>\n<p>&#8211;\u00a0 La farina \u00e9s petita i si que ha pogut passar, la sal grossa \u00e9s una mica m\u00e9s gran que la farina i passava poc.<\/p>\n<p>&#8211; Els coladors tenen forats molt petits i nom\u00e9s hi pot passar la farina.<\/p>\n<p>&#8211; Les pinces i les culleres s\u00f3n les eines que ens han anat millor per separar els macarrons, les mongetes i els grans de caf\u00e8.<\/p>\n<p><a href=\"https:\/\/goo.gl\/photos\/Bo1x5w6ezv1TsxTs8\" target=\"_blank\"><img loading=\"lazy\" decoding=\"async\" class=\"alignnone\" src=\"https:\/\/lh3.googleusercontent.com\/jGJ-KYkLHzmhU9W2mni417jomzmWBHrWmP6ejz2_ofKepQyBnBYtrvRM1scnSH8TVOQ3pRfwRVUKUHuApHNCzJyPh5xyvxC3dquMZV6QxSzJExZgbCFhKIon5cAKNkR_oqBPJxBZHMPk2kHGOrObhPMi5NTasj2JM6TktOm6nWLjOARU6hhTaUUPcXjEMeLBwoXgS4OKjm_Mdo_FVHc2RoJC5cvWvICPIU4993NPPrClvLixOM0zuhlcPuwVDISFj_MSUEIaAh_Sqr7NXqHA3VyiOG3QnBhxO3YZZHPhxwtkLOor59549-w9VcYp-euwtgjdLCq8iKUrQeCHHeCY1vgpvSu01aD8uOWt5yXAICjy2ktPwcHIWQiEe752vYkvrNJZziRR-ZG9Xf18rldY2Pr5YmlROya_5P8FTpa8GEMdXY-Z7PIwy7bcUYrNKfZaX1VJPdqqeQPO1B5r0oG0R_ASmGlKLbvXSTYcJszFyUofw3iZMQa6OS8jIjPxJTAWm-eASuWkwvSY8cyKHrmVnbyZDPnWXqp38fvoXYpfKuBOd53oJHrI7WoDEq5D7RhgkSHzmAFuv2F48wMENP4AhQYtWydojG4ufMDXn2-bVzCPzwu6JQ=w846-h634-no\" width=\"846\" height=\"634\" \/><\/a><\/p>\n","protected":false},"excerpt":{"rendered":"<p>La nostra missi\u00f3 \u00e9s separar elements que es troben barrejats. Per un costat macarrons, les mongetes negres i farina i per un altre sal grossa, macarrons integrals i grans de caf\u00e8.<br \/>\nPer realitzar-ho tenim eines: culleres, pinces, pales petites i coladors.<br \/>\nEls infants despr\u00e9s d\u2019observar, no dubten&hellip;  <a href=\"https:\/\/agora.xtec.cat\/ceiprosercapdevila\/general\/p4-experimentacio-el-repte-de-separar-petites-coses\/\" title=\"Read P4 Experimentaci\u00f3: El repte de separar petites coses!\">Llegeix m\u00e9s\u00bb<\/a><\/p>\n","protected":false},"author":8,"featured_media":0,"comment_status":"open","ping_status":"open","sticky":false,"template":"","format":"standard","meta":{"_bbp_topic_count":0,"_bbp_reply_count":0,"_bbp_total_topic_count":0,"_bbp_total_reply_count":0,"_bbp_voice_count":0,"_bbp_anonymous_reply_count":0,"_bbp_topic_count_hidden":0,"_bbp_reply_count_hidden":0,"_bbp_forum_subforum_count":0,"footnotes":""},"categories":[1],"tags":[],"class_list":["post-849","post","type-post","status-publish","format-standard","hentry","category-general"],"post_mailing_queue_ids":[],"_links":{"self":[{"href":"https:\/\/agora.xtec.cat\/ceiprosercapdevila\/wp-json\/wp\/v2\/posts\/849","targetHints":{"allow":["GET"]}}],"collection":[{"href":"https:\/\/agora.xtec.cat\/ceiprosercapdevila\/wp-json\/wp\/v2\/posts"}],"about":[{"href":"https:\/\/agora.xtec.cat\/ceiprosercapdevila\/wp-json\/wp\/v2\/types\/post"}],"author":[{"embeddable":true,"href":"https:\/\/agora.xtec.cat\/ceiprosercapdevila\/wp-json\/wp\/v2\/users\/8"}],"replies":[{"embeddable":true,"href":"https:\/\/agora.xtec.cat\/ceiprosercapdevila\/wp-json\/wp\/v2\/comments?post=849"}],"version-history":[{"count":0,"href":"https:\/\/agora.xtec.cat\/ceiprosercapdevila\/wp-json\/wp\/v2\/posts\/849\/revisions"}],"wp:attachment":[{"href":"https:\/\/agora.xtec.cat\/ceiprosercapdevila\/wp-json\/wp\/v2\/media?parent=849"}],"wp:term":[{"taxonomy":"category","embeddable":true,"href":"https:\/\/agora.xtec.cat\/ceiprosercapdevila\/wp-json\/wp\/v2\/categories?post=849"},{"taxonomy":"post_tag","embeddable":true,"href":"https:\/\/agora.xtec.cat\/ceiprosercapdevila\/wp-json\/wp\/v2\/tags?post=849"}],"curies":[{"name":"wp","href":"https:\/\/api.w.org\/{rel}","templated":true}]}}