{"id":848,"date":"2016-11-19T20:40:31","date_gmt":"2016-11-19T19:40:31","guid":{"rendered":"https:\/\/blocs.xtec.cat\/rosercapdevila3\/?p=6"},"modified":"2016-11-19T20:40:31","modified_gmt":"2016-11-19T19:40:31","slug":"el-dia-de-la-musica","status":"publish","type":"post","link":"https:\/\/agora.xtec.cat\/ceiprosercapdevila\/general\/el-dia-de-la-musica\/","title":{"rendered":"El Dia de la m\u00fasica"},"content":{"rendered":"<p>Ahir 18 de novembre vam celebrar el Dia de la m\u00fasica a l&#8217;escola. Va ser un aut\u00e8ntic \u00e8xit amb l&#8217;actuaci\u00f3 del <a href=\"http:\/\/bcnsaxquartet.com\/\">BcnSaxQuartet<\/a>, que amb les seves melodies i actuacions ens van enlluernar i ho vam passar d&#8217;all\u00f2 m\u00e9s b\u00e9. Aqu\u00ed teniu un recull de fotos:<\/p>\n<p><a href=\"https:\/\/goo.gl\/photos\/c3GP8ZMsojtLS9iT6\" target=\"_blank\"><img loading=\"lazy\" decoding=\"async\" class=\"alignnone\" src=\"https:\/\/lh3.googleusercontent.com\/Ez8r_o1Dxa9tukV2GaPpDC82o7Xvd32dZlv8FyY23qttQmW0PC4kvMagdk_x86bQXaqWOT2doe_J1OyQtCs61gJGYHQpuoXzc7oiPpmOengM8T-WVBl0CDU0aPiVDkUU4k8MFTDl8G3yiNMM4D4SxHAVoidEq6G2O5lQERWV3KdQd-oWCOsXhrM8qBhbkfuMvhjUVgDEzJgwo8V5IpUc9TAb-sNs6APH4XxZMv38kAxC8u9TjSori7p0dibIlxUGF3-xbQBKZRcvEmfFkvL4WaMdaYcZ1J-OjNTuRqC7QJVK6vMLh4c1PaJfwVvlUxLiWrXErTrm0jO1rE914hLLYfMJi-o9Icw6Vpt_FlPVmGa85Ch6B5EyvrFL5HZDlEcLVjMP9w_i_EQjhU6ld7GI7PnzjqCXRmtKB_T5Lq9gILihoc8bQqtkk5Umg4s33xFx__J9E3FUrksIBco7eCiuw2qh5-BXEl07T4P2ml5dmaOf-AhSVhTfcCtiNUyaKsTtfim22gg_r1m3RyR5MJhMYPbzhIlg7gFPhuEwbu5hoDZfKwtnfBVhbniMtuIRD-BwKJm5q3Wwtfq3FteLu1y4-4But12xlIc3MVyMmLFwNi6UmGTTow=w953-h638-no\" width=\"953\" height=\"638\" \/><\/a><\/p>\n","protected":false},"excerpt":{"rendered":"<p>Ahir 18 de novembre vam celebrar el Dia de la m\u00fasica a l&#8217;escola. Va ser un aut\u00e8ntic \u00e8xit amb l&#8217;actuaci\u00f3 del <a href=\"http:\/\/bcnsaxquartet.com\/\">BcnSaxQuartet<\/a>, que amb les seves melodies i actuacions ens van enlluernar i ho vam passar d&#8217;all\u00f2 m\u00e9s b\u00e9. Aqu\u00ed teniu un recull de&hellip;  <a href=\"https:\/\/agora.xtec.cat\/ceiprosercapdevila\/general\/el-dia-de-la-musica\/\" title=\"Read El Dia de la m\u00fasica\">Llegeix m\u00e9s\u00bb<\/a><\/p>\n","protected":false},"author":1,"featured_media":0,"comment_status":"open","ping_status":"open","sticky":false,"template":"","format":"standard","meta":{"_bbp_topic_count":0,"_bbp_reply_count":0,"_bbp_total_topic_count":0,"_bbp_total_reply_count":0,"_bbp_voice_count":0,"_bbp_anonymous_reply_count":0,"_bbp_topic_count_hidden":0,"_bbp_reply_count_hidden":0,"_bbp_forum_subforum_count":0,"footnotes":""},"categories":[1],"tags":[],"class_list":["post-848","post","type-post","status-publish","format-standard","hentry","category-general"],"post_mailing_queue_ids":[],"_links":{"self":[{"href":"https:\/\/agora.xtec.cat\/ceiprosercapdevila\/wp-json\/wp\/v2\/posts\/848","targetHints":{"allow":["GET"]}}],"collection":[{"href":"https:\/\/agora.xtec.cat\/ceiprosercapdevila\/wp-json\/wp\/v2\/posts"}],"about":[{"href":"https:\/\/agora.xtec.cat\/ceiprosercapdevila\/wp-json\/wp\/v2\/types\/post"}],"author":[{"embeddable":true,"href":"https:\/\/agora.xtec.cat\/ceiprosercapdevila\/wp-json\/wp\/v2\/users\/1"}],"replies":[{"embeddable":true,"href":"https:\/\/agora.xtec.cat\/ceiprosercapdevila\/wp-json\/wp\/v2\/comments?post=848"}],"version-history":[{"count":0,"href":"https:\/\/agora.xtec.cat\/ceiprosercapdevila\/wp-json\/wp\/v2\/posts\/848\/revisions"}],"wp:attachment":[{"href":"https:\/\/agora.xtec.cat\/ceiprosercapdevila\/wp-json\/wp\/v2\/media?parent=848"}],"wp:term":[{"taxonomy":"category","embeddable":true,"href":"https:\/\/agora.xtec.cat\/ceiprosercapdevila\/wp-json\/wp\/v2\/categories?post=848"},{"taxonomy":"post_tag","embeddable":true,"href":"https:\/\/agora.xtec.cat\/ceiprosercapdevila\/wp-json\/wp\/v2\/tags?post=848"}],"curies":[{"name":"wp","href":"https:\/\/api.w.org\/{rel}","templated":true}]}}