{"id":822,"date":"2017-06-05T12:17:00","date_gmt":"2017-06-05T10:17:00","guid":{"rendered":"https:\/\/blocs.xtec.cat\/rosercapdevila3\/?p=822"},"modified":"2017-06-05T12:17:00","modified_gmt":"2017-06-05T10:17:00","slug":"el-dia-del-medi-ambient-i-mercat-solidari-a-lescola","status":"publish","type":"post","link":"https:\/\/agora.xtec.cat\/ceiprosercapdevila\/general\/el-dia-del-medi-ambient-i-mercat-solidari-a-lescola\/","title":{"rendered":"EL DIA DEL MEDI AMBIENT I MERCAT SOLIDARI A L&#8217;ESCOLA."},"content":{"rendered":"<p style=\"text-align: justify;\">Aquest divendres dia 2 de juny vam celebrar el dia del medi ambient a l&#8217;escola. Vam fer diverses activitats; vam anar a recollir brossa de l&#8217;entorn proper, tamb\u00e9 vam fer manualitats amb materials reciclats, vam plantar plantes al pati de l&#8217;escola deixant-lo preci\u00f3s i per \u00faltim vam aprofitar per fer un mercat solidari. Amb aquest mercat a m\u00e9s a m\u00e9s de reutilitzar joguines i d&#8217;altres objectes vam poder recaptar 98 euros per a Caritas Poliny\u00e0 i avui hem fet la donaci\u00f3. Vam passar-ho molt b\u00e9 i a m\u00e9s a m\u00e9s vam ajudar al medi ambient i a Caritas!\u00a0 \ud83d\ude06<\/p>\n<p style=\"text-align: justify;\">Alumnes de 5\u00e8<\/p>\n<p>Aqu\u00ed us deixem unes imatges.<\/p>\n<p><a href=\"https:\/\/goo.gl\/photos\/fBB6zvU2fjcvXaEt5\"><img loading=\"lazy\" decoding=\"async\" class=\"alignnone size-large wp-image-827\" src=\"http:\/\/agora.xtec.cat\/ceiprosercapdevila\/wp-content\/uploads\/usu1162\/2017\/06\/DSC_0823-FILEminimizer-1024x576.jpg\" alt=\"DSC_0823 (FILEminimizer)\" width=\"840\" height=\"473\" srcset=\"https:\/\/agora.xtec.cat\/ceiprosercapdevila\/wp-content\/uploads\/usu1162\/2017\/06\/DSC_0823-FILEminimizer-1024x576.jpg 1024w, https:\/\/agora.xtec.cat\/ceiprosercapdevila\/wp-content\/uploads\/usu1162\/2017\/06\/DSC_0823-FILEminimizer-300x169.jpg 300w, https:\/\/agora.xtec.cat\/ceiprosercapdevila\/wp-content\/uploads\/usu1162\/2017\/06\/DSC_0823-FILEminimizer-768x432.jpg 768w, https:\/\/agora.xtec.cat\/ceiprosercapdevila\/wp-content\/uploads\/usu1162\/2017\/06\/DSC_0823-FILEminimizer.jpg 1365w\" sizes=\"auto, (max-width: 840px) 100vw, 840px\" \/><\/a><\/p>\n","protected":false},"excerpt":{"rendered":"<p>Aquest divendres dia 2 de juny vam celebrar el dia del medi ambient a l&#8217;escola. Vam fer diverses activitats; vam anar a recollir brossa de l&#8217;entorn proper, tamb\u00e9 vam fer manualitats amb materials reciclats, vam plantar plantes al pati de l&#8217;escola deixant-lo preci\u00f3s i per&hellip;  <a href=\"https:\/\/agora.xtec.cat\/ceiprosercapdevila\/general\/el-dia-del-medi-ambient-i-mercat-solidari-a-lescola\/\" title=\"Read EL DIA DEL MEDI AMBIENT I MERCAT SOLIDARI A L&#8217;ESCOLA.\">Llegeix m\u00e9s\u00bb<\/a><\/p>\n","protected":false},"author":3,"featured_media":0,"comment_status":"open","ping_status":"open","sticky":false,"template":"","format":"standard","meta":{"_bbp_topic_count":0,"_bbp_reply_count":0,"_bbp_total_topic_count":0,"_bbp_total_reply_count":0,"_bbp_voice_count":0,"_bbp_anonymous_reply_count":0,"_bbp_topic_count_hidden":0,"_bbp_reply_count_hidden":0,"_bbp_forum_subforum_count":0,"footnotes":""},"categories":[1],"tags":[],"class_list":["post-822","post","type-post","status-publish","format-standard","hentry","category-general"],"post_mailing_queue_ids":[],"_links":{"self":[{"href":"https:\/\/agora.xtec.cat\/ceiprosercapdevila\/wp-json\/wp\/v2\/posts\/822","targetHints":{"allow":["GET"]}}],"collection":[{"href":"https:\/\/agora.xtec.cat\/ceiprosercapdevila\/wp-json\/wp\/v2\/posts"}],"about":[{"href":"https:\/\/agora.xtec.cat\/ceiprosercapdevila\/wp-json\/wp\/v2\/types\/post"}],"author":[{"embeddable":true,"href":"https:\/\/agora.xtec.cat\/ceiprosercapdevila\/wp-json\/wp\/v2\/users\/3"}],"replies":[{"embeddable":true,"href":"https:\/\/agora.xtec.cat\/ceiprosercapdevila\/wp-json\/wp\/v2\/comments?post=822"}],"version-history":[{"count":0,"href":"https:\/\/agora.xtec.cat\/ceiprosercapdevila\/wp-json\/wp\/v2\/posts\/822\/revisions"}],"wp:attachment":[{"href":"https:\/\/agora.xtec.cat\/ceiprosercapdevila\/wp-json\/wp\/v2\/media?parent=822"}],"wp:term":[{"taxonomy":"category","embeddable":true,"href":"https:\/\/agora.xtec.cat\/ceiprosercapdevila\/wp-json\/wp\/v2\/categories?post=822"},{"taxonomy":"post_tag","embeddable":true,"href":"https:\/\/agora.xtec.cat\/ceiprosercapdevila\/wp-json\/wp\/v2\/tags?post=822"}],"curies":[{"name":"wp","href":"https:\/\/api.w.org\/{rel}","templated":true}]}}