{"id":800,"date":"2017-05-25T11:06:01","date_gmt":"2017-05-25T09:06:01","guid":{"rendered":"https:\/\/blocs.xtec.cat\/rosercapdevila3\/?p=800"},"modified":"2017-05-25T11:06:01","modified_gmt":"2017-05-25T09:06:01","slug":"p3-trobem-a-la-fada-del-bosc","status":"publish","type":"post","link":"https:\/\/agora.xtec.cat\/ceiprosercapdevila\/educacio-infantil\/p3-trobem-a-la-fada-del-bosc\/","title":{"rendered":"P3 trobem a la fada del bosc!!"},"content":{"rendered":"<p>Els Timbals i les Maraques hem fet la sortida a Can Pou i anant pel bosc hem trobat uns personatges molt divertits i m\u00e0gics!! Al final del recorregut ens hem trobat a la fada que estava dormint, l&#8217;hem cantat una can\u00e7oneta i s&#8217;ha despertat!!! La fada i el follet ens han ajudat a fer una vareta m\u00e0gica. Voleu veure les fotos???<\/p>\n<p>&nbsp;<\/p>\n<p><a href=\"https:\/\/goo.gl\/photos\/6WpHBH5x7G66Casg7\">https:\/\/goo.gl\/photos\/6WpHBH5x7G66Casg7<\/a><img loading=\"lazy\" decoding=\"async\" class=\"size-medium wp-image-801 aligncenter\" src=\"http:\/\/agora.xtec.cat\/ceiprosercapdevila\/wp-content\/uploads\/usu1162\/2017\/05\/IMG-20170521-WA0016-300x169.jpg\" alt=\"IMG-20170521-WA0016\" width=\"300\" height=\"169\" srcset=\"https:\/\/agora.xtec.cat\/ceiprosercapdevila\/wp-content\/uploads\/usu1162\/2017\/05\/IMG-20170521-WA0016-300x169.jpg 300w, https:\/\/agora.xtec.cat\/ceiprosercapdevila\/wp-content\/uploads\/usu1162\/2017\/05\/IMG-20170521-WA0016-768x432.jpg 768w, https:\/\/agora.xtec.cat\/ceiprosercapdevila\/wp-content\/uploads\/usu1162\/2017\/05\/IMG-20170521-WA0016-1024x576.jpg 1024w, https:\/\/agora.xtec.cat\/ceiprosercapdevila\/wp-content\/uploads\/usu1162\/2017\/05\/IMG-20170521-WA0016.jpg 1135w\" sizes=\"auto, (max-width: 300px) 100vw, 300px\" \/><\/p>\n","protected":false},"excerpt":{"rendered":"<p>Els Timbals i les Maraques hem fet la sortida a Can Pou i anant pel bosc hem trobat uns personatges molt divertits i m\u00e0gics!! Al final del recorregut ens hem trobat a la fada que estava dormint, l&#8217;hem cantat una can\u00e7oneta i s&#8217;ha despertat!!! La&hellip;  <a href=\"https:\/\/agora.xtec.cat\/ceiprosercapdevila\/educacio-infantil\/p3-trobem-a-la-fada-del-bosc\/\" title=\"Read P3 trobem a la fada del bosc!!\">Llegeix m\u00e9s\u00bb<\/a><\/p>\n","protected":false},"author":7,"featured_media":0,"comment_status":"open","ping_status":"open","sticky":false,"template":"","format":"standard","meta":{"_bbp_topic_count":0,"_bbp_reply_count":0,"_bbp_total_topic_count":0,"_bbp_total_reply_count":0,"_bbp_voice_count":0,"_bbp_anonymous_reply_count":0,"_bbp_topic_count_hidden":0,"_bbp_reply_count_hidden":0,"_bbp_forum_subforum_count":0,"footnotes":""},"categories":[62],"tags":[],"class_list":["post-800","post","type-post","status-publish","format-standard","hentry","category-educacio-infantil"],"post_mailing_queue_ids":[],"_links":{"self":[{"href":"https:\/\/agora.xtec.cat\/ceiprosercapdevila\/wp-json\/wp\/v2\/posts\/800","targetHints":{"allow":["GET"]}}],"collection":[{"href":"https:\/\/agora.xtec.cat\/ceiprosercapdevila\/wp-json\/wp\/v2\/posts"}],"about":[{"href":"https:\/\/agora.xtec.cat\/ceiprosercapdevila\/wp-json\/wp\/v2\/types\/post"}],"author":[{"embeddable":true,"href":"https:\/\/agora.xtec.cat\/ceiprosercapdevila\/wp-json\/wp\/v2\/users\/7"}],"replies":[{"embeddable":true,"href":"https:\/\/agora.xtec.cat\/ceiprosercapdevila\/wp-json\/wp\/v2\/comments?post=800"}],"version-history":[{"count":0,"href":"https:\/\/agora.xtec.cat\/ceiprosercapdevila\/wp-json\/wp\/v2\/posts\/800\/revisions"}],"wp:attachment":[{"href":"https:\/\/agora.xtec.cat\/ceiprosercapdevila\/wp-json\/wp\/v2\/media?parent=800"}],"wp:term":[{"taxonomy":"category","embeddable":true,"href":"https:\/\/agora.xtec.cat\/ceiprosercapdevila\/wp-json\/wp\/v2\/categories?post=800"},{"taxonomy":"post_tag","embeddable":true,"href":"https:\/\/agora.xtec.cat\/ceiprosercapdevila\/wp-json\/wp\/v2\/tags?post=800"}],"curies":[{"name":"wp","href":"https:\/\/api.w.org\/{rel}","templated":true}]}}