{"id":792,"date":"2017-05-24T11:23:20","date_gmt":"2017-05-24T09:23:20","guid":{"rendered":"https:\/\/blocs.xtec.cat\/rosercapdevila3\/?p=792"},"modified":"2017-05-24T11:23:20","modified_gmt":"2017-05-24T09:23:20","slug":"ja-han-arribat-a-la-casa-de-colonies","status":"publish","type":"post","link":"https:\/\/agora.xtec.cat\/ceiprosercapdevila\/general\/ja-han-arribat-a-la-casa-de-colonies\/","title":{"rendered":"Ja han arribat a la casa de Col\u00f2nies!!!"},"content":{"rendered":"<p>Despr\u00e9s d&#8217;un trajecte agradable entre valls i muntanyes l&#8217;alumnat ha arribat tranquil a la casa de col\u00f2nies. Ara toca familiar-se amb l&#8217;espai\u00a0per \u00a0comen\u00e7ar a passar-s&#8217;ho molt b\u00e9 amb les diferents activitats i excursions.<\/p>\n<p>L&#8217;alumnat ja han comen\u00e7at a realitzar activitats des del primer moment; excursions per paissatges verds i plens de sorpreses, activitats de cerca pels entorns de la casa i els m\u00e9s petitons han conegut a unes fades molt especials que els acompanyaran tota la seva estada.<\/p>\n<p>Despr\u00e9s de dinar un bon plat d&#8217;arr\u00f3s i botifarra de segon, l&#8217;alumnat ja ha descansat una miqueta i contiuen amb les activitats de tarda!!<\/p>\n<p>El dia d&#8217;ahir va anar molt b\u00e9 i amb el cansament que portaven a la nit ben d&#8217;hora ja estaven tots dormint. Despr\u00e9s de passar una bona nit toca esmorzar un mica per agafar forces i continuar amb les activitats!!!<\/p>\n<p>La nit ha anat molt b\u00e9, ben d&#8217;hora ja estaven tots dormits cansats i esgotats. Avui toca preparar les motxilles, esmorzar, fer les \u00faltimes activitats, dinar i \u00a0cap a casa de nou&#8230;<\/p>\n<p>HA ESTAT UNA EXPERI\u00c8NCIA GENIAL!!!<\/p>\n","protected":false},"excerpt":{"rendered":"<p>Despr\u00e9s d&#8217;un trajecte agradable entre valls i muntanyes l&#8217;alumnat ha arribat tranquil a la casa de col\u00f2nies. Ara toca familiar-se amb l&#8217;espai\u00a0per \u00a0comen\u00e7ar a passar-s&#8217;ho molt b\u00e9 amb les diferents activitats i excursions.<br \/>\nL&#8217;alumnat ja han comen\u00e7at a realitzar activitats des del primer moment; excursions per&hellip;  <a href=\"https:\/\/agora.xtec.cat\/ceiprosercapdevila\/general\/ja-han-arribat-a-la-casa-de-colonies\/\" title=\"Read Ja han arribat a la casa de Col\u00f2nies!!!\">Llegeix m\u00e9s\u00bb<\/a><\/p>\n","protected":false},"author":3,"featured_media":0,"comment_status":"open","ping_status":"open","sticky":false,"template":"","format":"standard","meta":{"_bbp_topic_count":0,"_bbp_reply_count":0,"_bbp_total_topic_count":0,"_bbp_total_reply_count":0,"_bbp_voice_count":0,"_bbp_anonymous_reply_count":0,"_bbp_topic_count_hidden":0,"_bbp_reply_count_hidden":0,"_bbp_forum_subforum_count":0,"footnotes":""},"categories":[1],"tags":[],"class_list":["post-792","post","type-post","status-publish","format-standard","hentry","category-general"],"post_mailing_queue_ids":[],"_links":{"self":[{"href":"https:\/\/agora.xtec.cat\/ceiprosercapdevila\/wp-json\/wp\/v2\/posts\/792","targetHints":{"allow":["GET"]}}],"collection":[{"href":"https:\/\/agora.xtec.cat\/ceiprosercapdevila\/wp-json\/wp\/v2\/posts"}],"about":[{"href":"https:\/\/agora.xtec.cat\/ceiprosercapdevila\/wp-json\/wp\/v2\/types\/post"}],"author":[{"embeddable":true,"href":"https:\/\/agora.xtec.cat\/ceiprosercapdevila\/wp-json\/wp\/v2\/users\/3"}],"replies":[{"embeddable":true,"href":"https:\/\/agora.xtec.cat\/ceiprosercapdevila\/wp-json\/wp\/v2\/comments?post=792"}],"version-history":[{"count":0,"href":"https:\/\/agora.xtec.cat\/ceiprosercapdevila\/wp-json\/wp\/v2\/posts\/792\/revisions"}],"wp:attachment":[{"href":"https:\/\/agora.xtec.cat\/ceiprosercapdevila\/wp-json\/wp\/v2\/media?parent=792"}],"wp:term":[{"taxonomy":"category","embeddable":true,"href":"https:\/\/agora.xtec.cat\/ceiprosercapdevila\/wp-json\/wp\/v2\/categories?post=792"},{"taxonomy":"post_tag","embeddable":true,"href":"https:\/\/agora.xtec.cat\/ceiprosercapdevila\/wp-json\/wp\/v2\/tags?post=792"}],"curies":[{"name":"wp","href":"https:\/\/api.w.org\/{rel}","templated":true}]}}