{"id":787,"date":"2017-05-22T11:20:44","date_gmt":"2017-05-22T09:20:44","guid":{"rendered":"https:\/\/blocs.xtec.cat\/rosercapdevila3\/?p=787"},"modified":"2017-05-22T11:20:44","modified_gmt":"2017-05-22T09:20:44","slug":"nuria-pradas-autora-dun-llibre-ens-visita","status":"publish","type":"post","link":"https:\/\/agora.xtec.cat\/ceiprosercapdevila\/general\/nuria-pradas-autora-dun-llibre-ens-visita\/","title":{"rendered":"N\u00faria Pradas, autora d&#8217;un llibre ens visita"},"content":{"rendered":"<p>N\u00faria Pradas, autora del llibre <strong>&#8220;Abril \u00e9s nom de primavera&#8221;<\/strong>\u00a0ha visitat a l&#8217;alumnat de 6\u00e8. Li hem fet preguntes sobre el llibre i hem compartit les seves experi\u00e8ncies com a escriptora.<\/p>\n<p style=\"text-align: center;\">Alumnat de 6\u00e8<\/p>\n<p style=\"text-align: center;\"><img loading=\"lazy\" decoding=\"async\" class=\"alignnone size-full wp-image-788\" src=\"http:\/\/agora.xtec.cat\/ceiprosercapdevila\/wp-content\/uploads\/usu1162\/2017\/05\/foto-nuria.jpg\" alt=\"foto nuria\" width=\"108\" height=\"192\" \/><\/p>\n","protected":false},"excerpt":{"rendered":"<p>N\u00faria Pradas, autora del llibre &#8220;Abril \u00e9s nom de primavera&#8221;\u00a0ha visitat a l&#8217;alumnat de 6\u00e8. Li hem fet preguntes sobre el llibre i hem compartit les seves experi\u00e8ncies com a escriptora.<br \/>\nAlumnat de 6\u00e8<\/p>\n","protected":false},"author":9,"featured_media":0,"comment_status":"open","ping_status":"open","sticky":false,"template":"","format":"standard","meta":{"_bbp_topic_count":0,"_bbp_reply_count":0,"_bbp_total_topic_count":0,"_bbp_total_reply_count":0,"_bbp_voice_count":0,"_bbp_anonymous_reply_count":0,"_bbp_topic_count_hidden":0,"_bbp_reply_count_hidden":0,"_bbp_forum_subforum_count":0,"footnotes":""},"categories":[61,1],"tags":[],"class_list":["post-787","post","type-post","status-publish","format-standard","hentry","category-cicle-superior","category-general"],"post_mailing_queue_ids":[],"_links":{"self":[{"href":"https:\/\/agora.xtec.cat\/ceiprosercapdevila\/wp-json\/wp\/v2\/posts\/787","targetHints":{"allow":["GET"]}}],"collection":[{"href":"https:\/\/agora.xtec.cat\/ceiprosercapdevila\/wp-json\/wp\/v2\/posts"}],"about":[{"href":"https:\/\/agora.xtec.cat\/ceiprosercapdevila\/wp-json\/wp\/v2\/types\/post"}],"author":[{"embeddable":true,"href":"https:\/\/agora.xtec.cat\/ceiprosercapdevila\/wp-json\/wp\/v2\/users\/9"}],"replies":[{"embeddable":true,"href":"https:\/\/agora.xtec.cat\/ceiprosercapdevila\/wp-json\/wp\/v2\/comments?post=787"}],"version-history":[{"count":0,"href":"https:\/\/agora.xtec.cat\/ceiprosercapdevila\/wp-json\/wp\/v2\/posts\/787\/revisions"}],"wp:attachment":[{"href":"https:\/\/agora.xtec.cat\/ceiprosercapdevila\/wp-json\/wp\/v2\/media?parent=787"}],"wp:term":[{"taxonomy":"category","embeddable":true,"href":"https:\/\/agora.xtec.cat\/ceiprosercapdevila\/wp-json\/wp\/v2\/categories?post=787"},{"taxonomy":"post_tag","embeddable":true,"href":"https:\/\/agora.xtec.cat\/ceiprosercapdevila\/wp-json\/wp\/v2\/tags?post=787"}],"curies":[{"name":"wp","href":"https:\/\/api.w.org\/{rel}","templated":true}]}}