{"id":776,"date":"2017-05-19T13:41:57","date_gmt":"2017-05-19T11:41:57","guid":{"rendered":"https:\/\/blocs.xtec.cat\/rosercapdevila3\/?p=776"},"modified":"2017-05-19T13:41:57","modified_gmt":"2017-05-19T11:41:57","slug":"ara-toca-la-practica-p5","status":"publish","type":"post","link":"https:\/\/agora.xtec.cat\/ceiprosercapdevila\/general\/ara-toca-la-practica-p5\/","title":{"rendered":"ARA TOCA LA PR\u00c0CTICA!!! P5"},"content":{"rendered":"<p>Els infants de P5 hem pogut portar a terme tot el que han apr\u00e8s de la teoria d&#8217;educaci\u00f3 vial. Ens ho hem passat molt b\u00e9!!<\/p>\n<p>Mireu, mireu les fotos en l&#8217;\u00e0lbum d&#8217;educaci\u00f3 vial&#8230;<\/p>\n","protected":false},"excerpt":{"rendered":"<p>Els infants de P5 hem pogut portar a terme tot el que han apr\u00e8s de la teoria d&#8217;educaci\u00f3 vial. Ens ho hem passat molt b\u00e9!!<br \/>\nMireu, mireu les fotos en l&#8217;\u00e0lbum d&#8217;educaci\u00f3 vial&#8230;<\/p>\n","protected":false},"author":15,"featured_media":0,"comment_status":"open","ping_status":"open","sticky":false,"template":"","format":"standard","meta":{"_bbp_topic_count":0,"_bbp_reply_count":0,"_bbp_total_topic_count":0,"_bbp_total_reply_count":0,"_bbp_voice_count":0,"_bbp_anonymous_reply_count":0,"_bbp_topic_count_hidden":0,"_bbp_reply_count_hidden":0,"_bbp_forum_subforum_count":0,"footnotes":""},"categories":[1],"tags":[],"class_list":["post-776","post","type-post","status-publish","format-standard","hentry","category-general"],"post_mailing_queue_ids":[],"_links":{"self":[{"href":"https:\/\/agora.xtec.cat\/ceiprosercapdevila\/wp-json\/wp\/v2\/posts\/776","targetHints":{"allow":["GET"]}}],"collection":[{"href":"https:\/\/agora.xtec.cat\/ceiprosercapdevila\/wp-json\/wp\/v2\/posts"}],"about":[{"href":"https:\/\/agora.xtec.cat\/ceiprosercapdevila\/wp-json\/wp\/v2\/types\/post"}],"author":[{"embeddable":true,"href":"https:\/\/agora.xtec.cat\/ceiprosercapdevila\/wp-json\/wp\/v2\/users\/15"}],"replies":[{"embeddable":true,"href":"https:\/\/agora.xtec.cat\/ceiprosercapdevila\/wp-json\/wp\/v2\/comments?post=776"}],"version-history":[{"count":0,"href":"https:\/\/agora.xtec.cat\/ceiprosercapdevila\/wp-json\/wp\/v2\/posts\/776\/revisions"}],"wp:attachment":[{"href":"https:\/\/agora.xtec.cat\/ceiprosercapdevila\/wp-json\/wp\/v2\/media?parent=776"}],"wp:term":[{"taxonomy":"category","embeddable":true,"href":"https:\/\/agora.xtec.cat\/ceiprosercapdevila\/wp-json\/wp\/v2\/categories?post=776"},{"taxonomy":"post_tag","embeddable":true,"href":"https:\/\/agora.xtec.cat\/ceiprosercapdevila\/wp-json\/wp\/v2\/tags?post=776"}],"curies":[{"name":"wp","href":"https:\/\/api.w.org\/{rel}","templated":true}]}}