{"id":771,"date":"2017-05-17T23:25:45","date_gmt":"2017-05-17T21:25:45","guid":{"rendered":"https:\/\/blocs.xtec.cat\/rosercapdevila3\/?p=771"},"modified":"2017-05-17T23:25:45","modified_gmt":"2017-05-17T21:25:45","slug":"jocs-florals-del-valles-occidental","status":"publish","type":"post","link":"https:\/\/agora.xtec.cat\/ceiprosercapdevila\/general\/jocs-florals-del-valles-occidental\/","title":{"rendered":"JOCS FLORALS DEL VALL\u00c8S OCCIDENTAL"},"content":{"rendered":"<p>El dimecres 17 de maig al mat\u00ed, ha tingut\u00a0lloc la cerim\u00f2nia d&#8217;entrega de premis dels Jocs Florals del Vall\u00e8s Occidental organitzada pel Departament d&#8217;Ensenyament.<\/p>\n<p>D&#8217;entre totes escoles participants es va seleccionar el treball de l&#8217;alumna MARTA TORRES de 5\u00e8A pel seu treball de &#8220;El gos bo i el gos dolent&#8221;.<\/p>\n<p>A m\u00e9s a m\u00e9s, la Marta representar\u00e0 al Vall\u00e8s Occidental a la gran final que es celebrar\u00e0 \u00a0a Barcelona i on hi assistiran representatants de totes les delegacions d&#8217;ensenyament de Catalunya.<\/p>\n<p>Els companys de classe l&#8217;han rebuda aquesta tarda amb una pissarra plena de felicitacions i de desitjos de sort per a la final.<\/p>\n<h3 style=\"text-align: center;\"><a href=\"https:\/\/goo.gl\/photos\/dkcWCWwBuK1r6pYL7\"><strong><span style=\"color: #ff0000;\"><img loading=\"lazy\" decoding=\"async\" class=\"aligncenter wp-image-772 size-medium\" src=\"http:\/\/agora.xtec.cat\/ceiprosercapdevila\/wp-content\/uploads\/usu1162\/2017\/05\/20170517_104403_HDR-FILEminimizer-300x169.jpg\" alt=\"20170517_104403_HDR (FILEminimizer)\" width=\"300\" height=\"169\" srcset=\"https:\/\/agora.xtec.cat\/ceiprosercapdevila\/wp-content\/uploads\/usu1162\/2017\/05\/20170517_104403_HDR-FILEminimizer-300x169.jpg 300w, https:\/\/agora.xtec.cat\/ceiprosercapdevila\/wp-content\/uploads\/usu1162\/2017\/05\/20170517_104403_HDR-FILEminimizer-768x432.jpg 768w, https:\/\/agora.xtec.cat\/ceiprosercapdevila\/wp-content\/uploads\/usu1162\/2017\/05\/20170517_104403_HDR-FILEminimizer-1024x576.jpg 1024w, https:\/\/agora.xtec.cat\/ceiprosercapdevila\/wp-content\/uploads\/usu1162\/2017\/05\/20170517_104403_HDR-FILEminimizer.jpg 1365w\" sizes=\"auto, (max-width: 300px) 100vw, 300px\" \/>MOLTES FELICITATS , MARTA!!<\/span><\/strong><\/a><\/h3>\n<p><img loading=\"lazy\" decoding=\"async\" class=\"aligncenter size-medium wp-image-773\" src=\"http:\/\/agora.xtec.cat\/ceiprosercapdevila\/wp-content\/uploads\/usu1162\/2017\/05\/20170517_150503-FILEminimizer-169x300.jpg\" alt=\"20170517_150503 (FILEminimizer)\" width=\"169\" height=\"300\" srcset=\"https:\/\/agora.xtec.cat\/ceiprosercapdevila\/wp-content\/uploads\/usu1162\/2017\/05\/20170517_150503-FILEminimizer-169x300.jpg 169w, https:\/\/agora.xtec.cat\/ceiprosercapdevila\/wp-content\/uploads\/usu1162\/2017\/05\/20170517_150503-FILEminimizer-768x1365.jpg 768w, https:\/\/agora.xtec.cat\/ceiprosercapdevila\/wp-content\/uploads\/usu1162\/2017\/05\/20170517_150503-FILEminimizer-576x1024.jpg 576w, https:\/\/agora.xtec.cat\/ceiprosercapdevila\/wp-content\/uploads\/usu1162\/2017\/05\/20170517_150503-FILEminimizer.jpg 1024w\" sizes=\"auto, (max-width: 169px) 100vw, 169px\" \/><\/p>\n<p>&nbsp;<\/p>\n","protected":false},"excerpt":{"rendered":"<p>El dimecres 17 de maig al mat\u00ed, ha tingut\u00a0lloc la cerim\u00f2nia d&#8217;entrega de premis dels Jocs Florals del Vall\u00e8s Occidental organitzada pel Departament d&#8217;Ensenyament.<br \/>\nD&#8217;entre totes escoles participants es va seleccionar el treball de l&#8217;alumna MARTA TORRES de 5\u00e8A pel seu treball de &#8220;El gos bo&hellip;  <a href=\"https:\/\/agora.xtec.cat\/ceiprosercapdevila\/general\/jocs-florals-del-valles-occidental\/\" title=\"Read JOCS FLORALS DEL VALL\u00c8S OCCIDENTAL\">Llegeix m\u00e9s\u00bb<\/a><\/p>\n","protected":false},"author":5,"featured_media":0,"comment_status":"open","ping_status":"open","sticky":false,"template":"","format":"standard","meta":{"_bbp_topic_count":0,"_bbp_reply_count":0,"_bbp_total_topic_count":0,"_bbp_total_reply_count":0,"_bbp_voice_count":0,"_bbp_anonymous_reply_count":0,"_bbp_topic_count_hidden":0,"_bbp_reply_count_hidden":0,"_bbp_forum_subforum_count":0,"footnotes":""},"categories":[1],"tags":[],"class_list":["post-771","post","type-post","status-publish","format-standard","hentry","category-general"],"post_mailing_queue_ids":[],"_links":{"self":[{"href":"https:\/\/agora.xtec.cat\/ceiprosercapdevila\/wp-json\/wp\/v2\/posts\/771","targetHints":{"allow":["GET"]}}],"collection":[{"href":"https:\/\/agora.xtec.cat\/ceiprosercapdevila\/wp-json\/wp\/v2\/posts"}],"about":[{"href":"https:\/\/agora.xtec.cat\/ceiprosercapdevila\/wp-json\/wp\/v2\/types\/post"}],"author":[{"embeddable":true,"href":"https:\/\/agora.xtec.cat\/ceiprosercapdevila\/wp-json\/wp\/v2\/users\/5"}],"replies":[{"embeddable":true,"href":"https:\/\/agora.xtec.cat\/ceiprosercapdevila\/wp-json\/wp\/v2\/comments?post=771"}],"version-history":[{"count":0,"href":"https:\/\/agora.xtec.cat\/ceiprosercapdevila\/wp-json\/wp\/v2\/posts\/771\/revisions"}],"wp:attachment":[{"href":"https:\/\/agora.xtec.cat\/ceiprosercapdevila\/wp-json\/wp\/v2\/media?parent=771"}],"wp:term":[{"taxonomy":"category","embeddable":true,"href":"https:\/\/agora.xtec.cat\/ceiprosercapdevila\/wp-json\/wp\/v2\/categories?post=771"},{"taxonomy":"post_tag","embeddable":true,"href":"https:\/\/agora.xtec.cat\/ceiprosercapdevila\/wp-json\/wp\/v2\/tags?post=771"}],"curies":[{"name":"wp","href":"https:\/\/api.w.org\/{rel}","templated":true}]}}