{"id":764,"date":"2017-05-16T20:49:45","date_gmt":"2017-05-16T18:49:45","guid":{"rendered":"https:\/\/blocs.xtec.cat\/rosercapdevila3\/?p=764"},"modified":"2017-05-16T20:49:45","modified_gmt":"2017-05-16T18:49:45","slug":"educacio-viaria-a-6e","status":"publish","type":"post","link":"https:\/\/agora.xtec.cat\/ceiprosercapdevila\/general\/educacio-viaria-a-6e\/","title":{"rendered":"Educaci\u00f3 vi\u00e0ria a 6\u00e8"},"content":{"rendered":"<p>Gr\u00e0cies a la Polic\u00eda Local de Poliny\u00e0 per la seva xerrada sobre educaci\u00f3 vi\u00e0ria. Hem apr\u00e8s moltes coses respecte la mobilitat.<\/p>\n<p>Alumnat de 6\u00e8<img loading=\"lazy\" decoding=\"async\" class=\"wp-image-765 aligncenter\" src=\"http:\/\/agora.xtec.cat\/ceiprosercapdevila\/wp-content\/uploads\/usu1162\/2017\/05\/ed-vi\u00e0ria-300x169.jpg\" alt=\"ed vi\u00e0ria\" width=\"275\" height=\"155\" srcset=\"https:\/\/agora.xtec.cat\/ceiprosercapdevila\/wp-content\/uploads\/usu1162\/2017\/05\/ed-vi\u00e0ria-300x169.jpg 300w, https:\/\/agora.xtec.cat\/ceiprosercapdevila\/wp-content\/uploads\/usu1162\/2017\/05\/ed-vi\u00e0ria-768x432.jpg 768w, https:\/\/agora.xtec.cat\/ceiprosercapdevila\/wp-content\/uploads\/usu1162\/2017\/05\/ed-vi\u00e0ria-1024x576.jpg 1024w\" sizes=\"auto, (max-width: 275px) 100vw, 275px\" \/><\/p>\n","protected":false},"excerpt":{"rendered":"<p>Gr\u00e0cies a la Polic\u00eda Local de Poliny\u00e0 per la seva xerrada sobre educaci\u00f3 vi\u00e0ria. Hem apr\u00e8s moltes coses respecte la mobilitat.<br \/>\nAlumnat de 6\u00e8<\/p>\n","protected":false},"author":9,"featured_media":0,"comment_status":"open","ping_status":"open","sticky":false,"template":"","format":"standard","meta":{"_bbp_topic_count":0,"_bbp_reply_count":0,"_bbp_total_topic_count":0,"_bbp_total_reply_count":0,"_bbp_voice_count":0,"_bbp_anonymous_reply_count":0,"_bbp_topic_count_hidden":0,"_bbp_reply_count_hidden":0,"_bbp_forum_subforum_count":0,"footnotes":""},"categories":[61,1],"tags":[],"class_list":["post-764","post","type-post","status-publish","format-standard","hentry","category-cicle-superior","category-general"],"post_mailing_queue_ids":[],"_links":{"self":[{"href":"https:\/\/agora.xtec.cat\/ceiprosercapdevila\/wp-json\/wp\/v2\/posts\/764","targetHints":{"allow":["GET"]}}],"collection":[{"href":"https:\/\/agora.xtec.cat\/ceiprosercapdevila\/wp-json\/wp\/v2\/posts"}],"about":[{"href":"https:\/\/agora.xtec.cat\/ceiprosercapdevila\/wp-json\/wp\/v2\/types\/post"}],"author":[{"embeddable":true,"href":"https:\/\/agora.xtec.cat\/ceiprosercapdevila\/wp-json\/wp\/v2\/users\/9"}],"replies":[{"embeddable":true,"href":"https:\/\/agora.xtec.cat\/ceiprosercapdevila\/wp-json\/wp\/v2\/comments?post=764"}],"version-history":[{"count":0,"href":"https:\/\/agora.xtec.cat\/ceiprosercapdevila\/wp-json\/wp\/v2\/posts\/764\/revisions"}],"wp:attachment":[{"href":"https:\/\/agora.xtec.cat\/ceiprosercapdevila\/wp-json\/wp\/v2\/media?parent=764"}],"wp:term":[{"taxonomy":"category","embeddable":true,"href":"https:\/\/agora.xtec.cat\/ceiprosercapdevila\/wp-json\/wp\/v2\/categories?post=764"},{"taxonomy":"post_tag","embeddable":true,"href":"https:\/\/agora.xtec.cat\/ceiprosercapdevila\/wp-json\/wp\/v2\/tags?post=764"}],"curies":[{"name":"wp","href":"https:\/\/api.w.org\/{rel}","templated":true}]}}