{"id":760,"date":"2017-05-16T13:34:36","date_gmt":"2017-05-16T11:34:36","guid":{"rendered":"https:\/\/blocs.xtec.cat\/rosercapdevila3\/?p=760"},"modified":"2017-05-16T13:34:36","modified_gmt":"2017-05-16T11:34:36","slug":"5e-excursio-museu-maritim","status":"publish","type":"post","link":"https:\/\/agora.xtec.cat\/ceiprosercapdevila\/cicle-superior\/5e-excursio-museu-maritim\/","title":{"rendered":"5\u00e8 Excursi\u00f3 Museu Mar\u00edtim"},"content":{"rendered":"<p><span style=\"font-weight: 400;\">El dia 3\/5\/2017 les classes de 5\u00e8 van anar d\u2019excursi\u00f3 al museu Mar\u00edtim de Barcelona.<\/span><\/p>\n<p>Vam arribar una mica tard a les activitats que comen\u00e7aven a les 10:00h perqu\u00e8 vam agafar retencions a la carretera.<\/p>\n<p>El grup de 5\u00e8 B, primer van fer una activitat a una aula i despr\u00e9s van anar al port a fer l\u2019activitat pr\u00e0ctica. En canvi, el grup de 5\u00e8 A ho va fer al rev\u00e9s.<\/p>\n<p>A l\u2019aula, una monitora ens va explicar les parts d\u2019un vaixell, els tipus de nusos per lligar els caps i com utilitzar la vela.<\/p>\n<p>Quan vam acabar vam caminar fins el Port de Barcelona per pujar a un vaixell \u00a0per fer la activitat practica. Abans de pujar ens vam posar una armilla de salvament per seguretat. En Pere, el patr\u00f3 del vaixell, ens va explicar que el vaixell es condu\u00efa amb la canya de tim\u00f3. Cada nen i nena van conduir el vaixell.<\/p>\n<p>Despr\u00e9s ens vam trobar les dues classes per visitar un vaixell que tenia 99 anys: vam veure la bodega, la cambra i la coberta.<\/p>\n<p>Per dinar hav\u00edem d\u2019anar a la platja per\u00f2 com estava plovent vam anar a dinar al F\u00f2rum de Barcelona i vam tornar a l\u2019escola.<\/p>\n<p><a href=\"https:\/\/photos.google.com\/share\/AF1QipOJpa2CF1CjSx_LPQKhjEh_YTnFRCLA5FA6o1rDhaj4pm-6en4QWr8yCuEdXogRzQ?key=OW44a2VvUFRyTTZPWXVNS0NUTDVWcUN4SkJGOUV3\"><img loading=\"lazy\" decoding=\"async\" class=\"alignnone\" src=\"https:\/\/lh3.googleusercontent.com\/SHSPf5YJa6uXAByExwXIwgeLRFPavhY4vZqGUu8vI6LJ8rjqwGbB_2g_TmY1E5LkhM3S-A18cjDl77xL53_9--RWwDutzcOANyw5B_ID_YMNGPv9nHQB-csAsUIcEFvFns1JLFJgEDFTCWHdlr3dAyd2s8fgWYWk-lJasnbwB7VwwHRvCZM9szj57Rwb-sJqk_52phmluynSj0o4rXAwas45vaDZcWid69qAGst5rL5PhVefMh6DrrnZa0KYUCwNXM5EK61hQl01kUnSsJHTnMGiCUev6VywI9ircf_VIOBEiocvYTrZiO7db76oBpUXliS2Q5fWo54Li9WGOQUpWisYYQRrRy-FvT1nwA1NrF_uIQLjedpbrzMizV6LIDal5okAycNoT4fi-QMwxpthLsjLJx3z7hdIPQj_qHKAvRDKjgk76HAIhXFph6BELdeRHtg2MikSKdU0N6ghSOQPbQvIJOiDU_7Bvyfjj1AVnvv7w6kmK4Ez7LPFKwHotaiKShoN336XgO6OkGlejDEafoVHKlNocxGMYm-ouuiOkSWpn9yVgNTawlnIoSrmgqOmUm7IZP67tXdr6t-CqXimQ7sN75MfiCXDTBFWmY-raqtHidGO5W2OFB_epGeNkaJdIdq2tDfiRaKajpPcErMTldccEiiTSWJ6t1RKzQnjqxE=w838-h628-no\" width=\"838\" height=\"628\" \/><\/a><\/p>\n","protected":false},"excerpt":{"rendered":"<p>El dia 3\/5\/2017 les classes de 5\u00e8 van anar d\u2019excursi\u00f3 al museu Mar\u00edtim de Barcelona.<br \/>\nVam arribar una mica tard a les activitats que comen\u00e7aven a les 10:00h perqu\u00e8 vam agafar retencions a la carretera.<br \/>\nEl grup de 5\u00e8 B, primer van fer una activitat a una&hellip;  <a href=\"https:\/\/agora.xtec.cat\/ceiprosercapdevila\/cicle-superior\/5e-excursio-museu-maritim\/\" title=\"Read 5\u00e8 Excursi\u00f3 Museu Mar\u00edtim\">Llegeix m\u00e9s\u00bb<\/a><\/p>\n","protected":false},"author":20,"featured_media":0,"comment_status":"open","ping_status":"open","sticky":false,"template":"","format":"standard","meta":{"_bbp_topic_count":0,"_bbp_reply_count":0,"_bbp_total_topic_count":0,"_bbp_total_reply_count":0,"_bbp_voice_count":0,"_bbp_anonymous_reply_count":0,"_bbp_topic_count_hidden":0,"_bbp_reply_count_hidden":0,"_bbp_forum_subforum_count":0,"footnotes":""},"categories":[61],"tags":[],"class_list":["post-760","post","type-post","status-publish","format-standard","hentry","category-cicle-superior"],"post_mailing_queue_ids":[],"_links":{"self":[{"href":"https:\/\/agora.xtec.cat\/ceiprosercapdevila\/wp-json\/wp\/v2\/posts\/760","targetHints":{"allow":["GET"]}}],"collection":[{"href":"https:\/\/agora.xtec.cat\/ceiprosercapdevila\/wp-json\/wp\/v2\/posts"}],"about":[{"href":"https:\/\/agora.xtec.cat\/ceiprosercapdevila\/wp-json\/wp\/v2\/types\/post"}],"author":[{"embeddable":true,"href":"https:\/\/agora.xtec.cat\/ceiprosercapdevila\/wp-json\/wp\/v2\/users\/20"}],"replies":[{"embeddable":true,"href":"https:\/\/agora.xtec.cat\/ceiprosercapdevila\/wp-json\/wp\/v2\/comments?post=760"}],"version-history":[{"count":0,"href":"https:\/\/agora.xtec.cat\/ceiprosercapdevila\/wp-json\/wp\/v2\/posts\/760\/revisions"}],"wp:attachment":[{"href":"https:\/\/agora.xtec.cat\/ceiprosercapdevila\/wp-json\/wp\/v2\/media?parent=760"}],"wp:term":[{"taxonomy":"category","embeddable":true,"href":"https:\/\/agora.xtec.cat\/ceiprosercapdevila\/wp-json\/wp\/v2\/categories?post=760"},{"taxonomy":"post_tag","embeddable":true,"href":"https:\/\/agora.xtec.cat\/ceiprosercapdevila\/wp-json\/wp\/v2\/tags?post=760"}],"curies":[{"name":"wp","href":"https:\/\/api.w.org\/{rel}","templated":true}]}}