{"id":730,"date":"2017-05-11T10:38:17","date_gmt":"2017-05-11T08:38:17","guid":{"rendered":"https:\/\/blocs.xtec.cat\/rosercapdevila3\/?p=730"},"modified":"2017-05-11T10:38:17","modified_gmt":"2017-05-11T08:38:17","slug":"4t-aprenents-de-maquetes-electriques","status":"publish","type":"post","link":"https:\/\/agora.xtec.cat\/ceiprosercapdevila\/general\/4t-aprenents-de-maquetes-electriques\/","title":{"rendered":"4t, aprenents de maquetes el\u00e8ctriques"},"content":{"rendered":"<p>Amb l&#8217;alumnat de 4t hem apr\u00e8s a fer un circuit el\u00e8ctric. Hem apr\u00e8s que un circuit el\u00e8ctric est\u00e0 format per diversos elements connectats entre s\u00ed, pels quals pot circular el corrent el\u00e8ctric. Els components que hem utilitzat s\u00f3n:<\/p>\n<div>-Un generador (una pila de 4,5V) que proporciona energia el\u00e8ctrica al circuit.<\/div>\n<div>-Uns fils (negre i vermell) de material conductor pels quals circulen les c\u00e0rregues el\u00e8ctriques.<\/div>\n<div>-Un o diversos receptors (3 bombetes), en qu\u00e8 l&#8217;energia es converteix en un altre tipus d&#8217;energia.<\/div>\n<div>-L&#8217;interruptor \u00a0per obrir i tancar el circuit (manual)<\/div>\n<div><\/div>\n<div>Estem molt contents del resultat.<\/div>\n<div><img loading=\"lazy\" decoding=\"async\" class=\"alignnone size-large wp-image-732\" src=\"http:\/\/agora.xtec.cat\/ceiprosercapdevila\/wp-content\/uploads\/usu1162\/2017\/05\/AINHOA-LEO-576x1024.jpg\" alt=\"AINHOA LEO\" width=\"576\" height=\"1024\" srcset=\"https:\/\/agora.xtec.cat\/ceiprosercapdevila\/wp-content\/uploads\/usu1162\/2017\/05\/AINHOA-LEO-576x1024.jpg 576w, https:\/\/agora.xtec.cat\/ceiprosercapdevila\/wp-content\/uploads\/usu1162\/2017\/05\/AINHOA-LEO-169x300.jpg 169w, https:\/\/agora.xtec.cat\/ceiprosercapdevila\/wp-content\/uploads\/usu1162\/2017\/05\/AINHOA-LEO.jpg 581w\" sizes=\"auto, (max-width: 576px) 100vw, 576px\" \/> <img loading=\"lazy\" decoding=\"async\" class=\"alignnone size-large wp-image-733\" src=\"http:\/\/agora.xtec.cat\/ceiprosercapdevila\/wp-content\/uploads\/usu1162\/2017\/05\/ALBA-PAOLA-1024x576.jpg\" alt=\"ALBA PAOLA\" width=\"840\" height=\"473\" srcset=\"https:\/\/agora.xtec.cat\/ceiprosercapdevila\/wp-content\/uploads\/usu1162\/2017\/05\/ALBA-PAOLA-1024x576.jpg 1024w, https:\/\/agora.xtec.cat\/ceiprosercapdevila\/wp-content\/uploads\/usu1162\/2017\/05\/ALBA-PAOLA-300x169.jpg 300w, https:\/\/agora.xtec.cat\/ceiprosercapdevila\/wp-content\/uploads\/usu1162\/2017\/05\/ALBA-PAOLA-768x432.jpg 768w, https:\/\/agora.xtec.cat\/ceiprosercapdevila\/wp-content\/uploads\/usu1162\/2017\/05\/ALBA-PAOLA.jpg 1032w\" sizes=\"auto, (max-width: 840px) 100vw, 840px\" \/> <img loading=\"lazy\" decoding=\"async\" class=\"alignnone size-large wp-image-734\" src=\"http:\/\/agora.xtec.cat\/ceiprosercapdevila\/wp-content\/uploads\/usu1162\/2017\/05\/CLAUDIA-AARON-576x1024.jpg\" alt=\"CLAUDIA AARON\" width=\"576\" height=\"1024\" srcset=\"https:\/\/agora.xtec.cat\/ceiprosercapdevila\/wp-content\/uploads\/usu1162\/2017\/05\/CLAUDIA-AARON-576x1024.jpg 576w, https:\/\/agora.xtec.cat\/ceiprosercapdevila\/wp-content\/uploads\/usu1162\/2017\/05\/CLAUDIA-AARON-169x300.jpg 169w, https:\/\/agora.xtec.cat\/ceiprosercapdevila\/wp-content\/uploads\/usu1162\/2017\/05\/CLAUDIA-AARON.jpg 581w\" sizes=\"auto, (max-width: 576px) 100vw, 576px\" \/> <img loading=\"lazy\" decoding=\"async\" class=\"alignnone size-large wp-image-735\" src=\"http:\/\/agora.xtec.cat\/ceiprosercapdevila\/wp-content\/uploads\/usu1162\/2017\/05\/DUNIA-EDNA-1024x576.jpg\" alt=\"DUNIA EDNA\" width=\"840\" height=\"473\" srcset=\"https:\/\/agora.xtec.cat\/ceiprosercapdevila\/wp-content\/uploads\/usu1162\/2017\/05\/DUNIA-EDNA-1024x576.jpg 1024w, https:\/\/agora.xtec.cat\/ceiprosercapdevila\/wp-content\/uploads\/usu1162\/2017\/05\/DUNIA-EDNA-300x169.jpg 300w, https:\/\/agora.xtec.cat\/ceiprosercapdevila\/wp-content\/uploads\/usu1162\/2017\/05\/DUNIA-EDNA-768x432.jpg 768w, https:\/\/agora.xtec.cat\/ceiprosercapdevila\/wp-content\/uploads\/usu1162\/2017\/05\/DUNIA-EDNA.jpg 1032w\" sizes=\"auto, (max-width: 840px) 100vw, 840px\" \/> <img loading=\"lazy\" decoding=\"async\" class=\"alignnone size-large wp-image-736\" src=\"http:\/\/agora.xtec.cat\/ceiprosercapdevila\/wp-content\/uploads\/usu1162\/2017\/05\/EDER-BIEL-1024x576.jpg\" alt=\"EDER BIEL\" width=\"840\" height=\"473\" srcset=\"https:\/\/agora.xtec.cat\/ceiprosercapdevila\/wp-content\/uploads\/usu1162\/2017\/05\/EDER-BIEL-1024x576.jpg 1024w, https:\/\/agora.xtec.cat\/ceiprosercapdevila\/wp-content\/uploads\/usu1162\/2017\/05\/EDER-BIEL-300x169.jpg 300w, https:\/\/agora.xtec.cat\/ceiprosercapdevila\/wp-content\/uploads\/usu1162\/2017\/05\/EDER-BIEL-768x432.jpg 768w, https:\/\/agora.xtec.cat\/ceiprosercapdevila\/wp-content\/uploads\/usu1162\/2017\/05\/EDER-BIEL.jpg 1032w\" sizes=\"auto, (max-width: 840px) 100vw, 840px\" \/> <img loading=\"lazy\" decoding=\"async\" class=\"alignnone size-large wp-image-737\" src=\"http:\/\/agora.xtec.cat\/ceiprosercapdevila\/wp-content\/uploads\/usu1162\/2017\/05\/ERIK-ELOI-576x1024.jpg\" alt=\"ERIK ELOI\" width=\"576\" height=\"1024\" srcset=\"https:\/\/agora.xtec.cat\/ceiprosercapdevila\/wp-content\/uploads\/usu1162\/2017\/05\/ERIK-ELOI-576x1024.jpg 576w, https:\/\/agora.xtec.cat\/ceiprosercapdevila\/wp-content\/uploads\/usu1162\/2017\/05\/ERIK-ELOI-169x300.jpg 169w, https:\/\/agora.xtec.cat\/ceiprosercapdevila\/wp-content\/uploads\/usu1162\/2017\/05\/ERIK-ELOI.jpg 581w\" sizes=\"auto, (max-width: 576px) 100vw, 576px\" \/> <img loading=\"lazy\" decoding=\"async\" class=\"alignnone size-large wp-image-738\" src=\"http:\/\/agora.xtec.cat\/ceiprosercapdevila\/wp-content\/uploads\/usu1162\/2017\/05\/JULIA-AINARA-576x1024.jpg\" alt=\"JULIA AINARA\" width=\"576\" height=\"1024\" srcset=\"https:\/\/agora.xtec.cat\/ceiprosercapdevila\/wp-content\/uploads\/usu1162\/2017\/05\/JULIA-AINARA-576x1024.jpg 576w, https:\/\/agora.xtec.cat\/ceiprosercapdevila\/wp-content\/uploads\/usu1162\/2017\/05\/JULIA-AINARA-169x300.jpg 169w, https:\/\/agora.xtec.cat\/ceiprosercapdevila\/wp-content\/uploads\/usu1162\/2017\/05\/JULIA-AINARA.jpg 581w\" sizes=\"auto, (max-width: 576px) 100vw, 576px\" \/> <img loading=\"lazy\" decoding=\"async\" class=\"alignnone size-large wp-image-739\" src=\"http:\/\/agora.xtec.cat\/ceiprosercapdevila\/wp-content\/uploads\/usu1162\/2017\/05\/LIDIA-YULISA-1024x576.jpg\" alt=\"LIDIA YULISA\" width=\"840\" height=\"473\" srcset=\"https:\/\/agora.xtec.cat\/ceiprosercapdevila\/wp-content\/uploads\/usu1162\/2017\/05\/LIDIA-YULISA-1024x576.jpg 1024w, https:\/\/agora.xtec.cat\/ceiprosercapdevila\/wp-content\/uploads\/usu1162\/2017\/05\/LIDIA-YULISA-300x169.jpg 300w, https:\/\/agora.xtec.cat\/ceiprosercapdevila\/wp-content\/uploads\/usu1162\/2017\/05\/LIDIA-YULISA-768x432.jpg 768w, https:\/\/agora.xtec.cat\/ceiprosercapdevila\/wp-content\/uploads\/usu1162\/2017\/05\/LIDIA-YULISA.jpg 1032w\" sizes=\"auto, (max-width: 840px) 100vw, 840px\" \/> <img loading=\"lazy\" decoding=\"async\" class=\"alignnone size-large wp-image-741\" src=\"http:\/\/agora.xtec.cat\/ceiprosercapdevila\/wp-content\/uploads\/usu1162\/2017\/05\/MIREIA-LUCIA-1024x576.jpg\" alt=\"MIREIA LUCIA\" width=\"840\" height=\"473\" srcset=\"https:\/\/agora.xtec.cat\/ceiprosercapdevila\/wp-content\/uploads\/usu1162\/2017\/05\/MIREIA-LUCIA-1024x576.jpg 1024w, https:\/\/agora.xtec.cat\/ceiprosercapdevila\/wp-content\/uploads\/usu1162\/2017\/05\/MIREIA-LUCIA-300x169.jpg 300w, https:\/\/agora.xtec.cat\/ceiprosercapdevila\/wp-content\/uploads\/usu1162\/2017\/05\/MIREIA-LUCIA-768x432.jpg 768w, https:\/\/agora.xtec.cat\/ceiprosercapdevila\/wp-content\/uploads\/usu1162\/2017\/05\/MIREIA-LUCIA.jpg 1032w\" sizes=\"auto, (max-width: 840px) 100vw, 840px\" \/> <img loading=\"lazy\" decoding=\"async\" class=\"alignnone size-large wp-image-742\" src=\"http:\/\/agora.xtec.cat\/ceiprosercapdevila\/wp-content\/uploads\/usu1162\/2017\/05\/NORA-RAUL-1024x576.jpg\" alt=\"NORA RAUL\" width=\"840\" height=\"473\" srcset=\"https:\/\/agora.xtec.cat\/ceiprosercapdevila\/wp-content\/uploads\/usu1162\/2017\/05\/NORA-RAUL-1024x576.jpg 1024w, https:\/\/agora.xtec.cat\/ceiprosercapdevila\/wp-content\/uploads\/usu1162\/2017\/05\/NORA-RAUL-300x169.jpg 300w, https:\/\/agora.xtec.cat\/ceiprosercapdevila\/wp-content\/uploads\/usu1162\/2017\/05\/NORA-RAUL-768x432.jpg 768w, https:\/\/agora.xtec.cat\/ceiprosercapdevila\/wp-content\/uploads\/usu1162\/2017\/05\/NORA-RAUL.jpg 1032w\" sizes=\"auto, (max-width: 840px) 100vw, 840px\" \/> <img loading=\"lazy\" decoding=\"async\" class=\"alignnone size-large wp-image-743\" src=\"http:\/\/agora.xtec.cat\/ceiprosercapdevila\/wp-content\/uploads\/usu1162\/2017\/05\/POL-ARNAL-VICTOR-576x1024.jpg\" alt=\"POL ARNAL VICTOR\" width=\"576\" height=\"1024\" \/> <img loading=\"lazy\" decoding=\"async\" class=\"alignnone size-large wp-image-744\" src=\"http:\/\/agora.xtec.cat\/ceiprosercapdevila\/wp-content\/uploads\/usu1162\/2017\/05\/POL-ENZO-576x1024.jpg\" alt=\"POL ENZO\" width=\"576\" height=\"1024\" \/> <img loading=\"lazy\" decoding=\"async\" class=\"alignnone size-large wp-image-745\" src=\"http:\/\/agora.xtec.cat\/ceiprosercapdevila\/wp-content\/uploads\/usu1162\/2017\/05\/TANIA-ARIADNA-1024x576.jpg\" alt=\"TANIA ARIADNA\" width=\"840\" height=\"473\" \/><\/div>\n","protected":false},"excerpt":{"rendered":"<p>Amb l&#8217;alumnat de 4t hem apr\u00e8s a fer un circuit el\u00e8ctric. Hem apr\u00e8s que un circuit el\u00e8ctric est\u00e0 format per diversos elements connectats entre s\u00ed, pels quals pot circular el corrent el\u00e8ctric. Els components que hem utilitzat s\u00f3n:<br \/>\n-Un generador (una pila de 4,5V) que proporciona&hellip;  <a href=\"https:\/\/agora.xtec.cat\/ceiprosercapdevila\/general\/4t-aprenents-de-maquetes-electriques\/\" title=\"Read 4t, aprenents de maquetes el\u00e8ctriques\">Llegeix m\u00e9s\u00bb<\/a><\/p>\n","protected":false},"author":6,"featured_media":0,"comment_status":"open","ping_status":"open","sticky":false,"template":"","format":"standard","meta":{"_bbp_topic_count":0,"_bbp_reply_count":0,"_bbp_total_topic_count":0,"_bbp_total_reply_count":0,"_bbp_voice_count":0,"_bbp_anonymous_reply_count":0,"_bbp_topic_count_hidden":0,"_bbp_reply_count_hidden":0,"_bbp_forum_subforum_count":0,"footnotes":""},"categories":[60,1],"tags":[],"class_list":["post-730","post","type-post","status-publish","format-standard","hentry","category-cicle-mitja","category-general"],"post_mailing_queue_ids":[],"_links":{"self":[{"href":"https:\/\/agora.xtec.cat\/ceiprosercapdevila\/wp-json\/wp\/v2\/posts\/730","targetHints":{"allow":["GET"]}}],"collection":[{"href":"https:\/\/agora.xtec.cat\/ceiprosercapdevila\/wp-json\/wp\/v2\/posts"}],"about":[{"href":"https:\/\/agora.xtec.cat\/ceiprosercapdevila\/wp-json\/wp\/v2\/types\/post"}],"author":[{"embeddable":true,"href":"https:\/\/agora.xtec.cat\/ceiprosercapdevila\/wp-json\/wp\/v2\/users\/6"}],"replies":[{"embeddable":true,"href":"https:\/\/agora.xtec.cat\/ceiprosercapdevila\/wp-json\/wp\/v2\/comments?post=730"}],"version-history":[{"count":0,"href":"https:\/\/agora.xtec.cat\/ceiprosercapdevila\/wp-json\/wp\/v2\/posts\/730\/revisions"}],"wp:attachment":[{"href":"https:\/\/agora.xtec.cat\/ceiprosercapdevila\/wp-json\/wp\/v2\/media?parent=730"}],"wp:term":[{"taxonomy":"category","embeddable":true,"href":"https:\/\/agora.xtec.cat\/ceiprosercapdevila\/wp-json\/wp\/v2\/categories?post=730"},{"taxonomy":"post_tag","embeddable":true,"href":"https:\/\/agora.xtec.cat\/ceiprosercapdevila\/wp-json\/wp\/v2\/tags?post=730"}],"curies":[{"name":"wp","href":"https:\/\/api.w.org\/{rel}","templated":true}]}}