{"id":664,"date":"2017-05-12T16:16:12","date_gmt":"2017-05-12T14:16:12","guid":{"rendered":"https:\/\/blocs.xtec.cat\/rosercapdevila3\/?p=664"},"modified":"2017-05-12T16:16:12","modified_gmt":"2017-05-12T14:16:12","slug":"anem-al-museu-maritim","status":"publish","type":"post","link":"https:\/\/agora.xtec.cat\/ceiprosercapdevila\/general\/anem-al-museu-maritim\/","title":{"rendered":"Anem al Museu Mar\u00edtim"},"content":{"rendered":"<p>Els alumnes de cinqu\u00e8 de prim\u00e0ria, hem anat a visitar el museu mar\u00edtim de Barcelona.<\/p>\n<p>Vam aprendre a navegar en un vaixell de vela, al\u00e7ar la vela\u00a0 a moure el tim\u00f3.<\/p>\n<p>Tamb\u00e9 vam veure dos creuers prou grans i a dins dels creuers n\u2019hi havia turistes saludant alegrement cap a nosaltres.<\/p>\n<p>Despr\u00e9s vam aprendre a fer nusos mariners i ens ho vam passar d\u2019all\u00f2 m\u00e9s b\u00e9.<\/p>\n<p>Al cap d\u2019una estona, va comen\u00e7ar a ploure i ten\u00edem previst anar a la platja per\u00f2 al final \u00a0vam anar a dinar al Museu Blau , al costat de la fira d\u2019Abril.<\/p>\n<p>Quan vam acabar de dinar, el conductor de l\u2019autocar ens estava esperant per anar-nos a l\u2019escola.<a href=\"https:\/\/goo.gl\/photos\/dyioTjpZHDPBLUX77\"><img loading=\"lazy\" decoding=\"async\" class=\"aligncenter  wp-image-665\" src=\"http:\/\/agora.xtec.cat\/ceiprosercapdevila\/wp-content\/uploads\/usu1162\/2017\/05\/DSCN1464-FILEminimizer-300x225.jpg\" alt=\"DSCN1464 (FILEminimizer)\" width=\"358\" height=\"269\" srcset=\"https:\/\/agora.xtec.cat\/ceiprosercapdevila\/wp-content\/uploads\/usu1162\/2017\/05\/DSCN1464-FILEminimizer-300x225.jpg 300w, https:\/\/agora.xtec.cat\/ceiprosercapdevila\/wp-content\/uploads\/usu1162\/2017\/05\/DSCN1464-FILEminimizer-768x576.jpg 768w, https:\/\/agora.xtec.cat\/ceiprosercapdevila\/wp-content\/uploads\/usu1162\/2017\/05\/DSCN1464-FILEminimizer.jpg 1024w, https:\/\/agora.xtec.cat\/ceiprosercapdevila\/wp-content\/uploads\/usu1162\/2017\/05\/DSCN1464-FILEminimizer-200x150.jpg 200w\" sizes=\"auto, (max-width: 358px) 100vw, 358px\" \/><\/a>\u00a0 \u00a0 \u00a0 \u00a0 \u00a0 \u00a0 \u00a0 \u00a0 \u00a0 \u00a0 \u00a0 \u00a0 \u00a0 \u00a0 \u00a0 \u00a0 \u00a0 \u00a0 \u00a0 \u00a0 \u00a0 \u00a0 \u00a0 \u00a0 \u00a0 \u00a0 \u00a0 \u00a0 \u00a0 \u00a0 \u00a0 \u00a0 \u00a0 \u00a0 \u00a0 \u00a0 \u00a0 \u00a0 \u00a0 \u00a0 \u00a0 \u00a0 Mar i Ariadna<\/p>\n","protected":false},"excerpt":{"rendered":"<p>Els alumnes de cinqu\u00e8 de prim\u00e0ria, hem anat a visitar el museu mar\u00edtim de Barcelona.<br \/>\nVam aprendre a navegar en un vaixell de vela, al\u00e7ar la vela\u00a0 a moure el tim\u00f3.<br \/>\nTamb\u00e9 vam veure dos creuers prou grans i a dins dels creuers n\u2019hi havia turistes saludant&hellip;  <a href=\"https:\/\/agora.xtec.cat\/ceiprosercapdevila\/general\/anem-al-museu-maritim\/\" title=\"Read Anem al Museu Mar\u00edtim\">Llegeix m\u00e9s\u00bb<\/a><\/p>\n","protected":false},"author":5,"featured_media":0,"comment_status":"open","ping_status":"open","sticky":false,"template":"","format":"standard","meta":{"_bbp_topic_count":0,"_bbp_reply_count":0,"_bbp_total_topic_count":0,"_bbp_total_reply_count":0,"_bbp_voice_count":0,"_bbp_anonymous_reply_count":0,"_bbp_topic_count_hidden":0,"_bbp_reply_count_hidden":0,"_bbp_forum_subforum_count":0,"footnotes":""},"categories":[1],"tags":[],"class_list":["post-664","post","type-post","status-publish","format-standard","hentry","category-general"],"post_mailing_queue_ids":[],"_links":{"self":[{"href":"https:\/\/agora.xtec.cat\/ceiprosercapdevila\/wp-json\/wp\/v2\/posts\/664","targetHints":{"allow":["GET"]}}],"collection":[{"href":"https:\/\/agora.xtec.cat\/ceiprosercapdevila\/wp-json\/wp\/v2\/posts"}],"about":[{"href":"https:\/\/agora.xtec.cat\/ceiprosercapdevila\/wp-json\/wp\/v2\/types\/post"}],"author":[{"embeddable":true,"href":"https:\/\/agora.xtec.cat\/ceiprosercapdevila\/wp-json\/wp\/v2\/users\/5"}],"replies":[{"embeddable":true,"href":"https:\/\/agora.xtec.cat\/ceiprosercapdevila\/wp-json\/wp\/v2\/comments?post=664"}],"version-history":[{"count":0,"href":"https:\/\/agora.xtec.cat\/ceiprosercapdevila\/wp-json\/wp\/v2\/posts\/664\/revisions"}],"wp:attachment":[{"href":"https:\/\/agora.xtec.cat\/ceiprosercapdevila\/wp-json\/wp\/v2\/media?parent=664"}],"wp:term":[{"taxonomy":"category","embeddable":true,"href":"https:\/\/agora.xtec.cat\/ceiprosercapdevila\/wp-json\/wp\/v2\/categories?post=664"},{"taxonomy":"post_tag","embeddable":true,"href":"https:\/\/agora.xtec.cat\/ceiprosercapdevila\/wp-json\/wp\/v2\/tags?post=664"}],"curies":[{"name":"wp","href":"https:\/\/api.w.org\/{rel}","templated":true}]}}