{"id":656,"date":"2017-05-02T15:51:53","date_gmt":"2017-05-02T13:51:53","guid":{"rendered":"https:\/\/blocs.xtec.cat\/rosercapdevila3\/?p=656"},"modified":"2017-05-02T15:51:53","modified_gmt":"2017-05-02T13:51:53","slug":"nombre-dalumnes-que-juguen-als-escacs","status":"publish","type":"post","link":"https:\/\/agora.xtec.cat\/ceiprosercapdevila\/general\/nombre-dalumnes-que-juguen-als-escacs\/","title":{"rendered":"NOMBRE D\u2019ALUMNES QUE JUGUEN ALS ESCACS"},"content":{"rendered":"<p><img loading=\"lazy\" decoding=\"async\" class=\"alignnone size-medium wp-image-657\" src=\"http:\/\/agora.xtec.cat\/ceiprosercapdevila\/wp-content\/uploads\/usu1162\/2017\/05\/image002-300x175.png\" alt=\"image002\" width=\"300\" height=\"175\" srcset=\"https:\/\/agora.xtec.cat\/ceiprosercapdevila\/wp-content\/uploads\/usu1162\/2017\/05\/image002-300x175.png 300w, https:\/\/agora.xtec.cat\/ceiprosercapdevila\/wp-content\/uploads\/usu1162\/2017\/05\/image002.png 568w\" sizes=\"auto, (max-width: 300px) 100vw, 300px\" \/><\/p>\n<p>En aquesta gr\u00e0fica es representa els alumnes de l\u2019escola que han vingut a la saleta d\u2019escacs a jugar des del 3\/2\/2017 fins el 7\/4\/2017.<\/p>\n<p>El que podem veure \u00e9s que els de primer A, els m\u00e9s petits, s\u00f3n els que m\u00e9s han jugat, juntament amb 4tA i 3rB. Els m\u00e9s grans de l\u2019escola, 5\u00e8 i 6\u00e8, han sigut els que menys han anat.<\/p>\n<p>Alumnat de 6\u00e8<\/p>\n","protected":false},"excerpt":{"rendered":"<p>En aquesta gr\u00e0fica es representa els alumnes de l\u2019escola que han vingut a la saleta d\u2019escacs a jugar des del 3\/2\/2017 fins el 7\/4\/2017.<br \/>\nEl que podem veure \u00e9s que els de primer A, els m\u00e9s petits, s\u00f3n els que m\u00e9s han jugat, juntament amb 4tA&hellip;  <a href=\"https:\/\/agora.xtec.cat\/ceiprosercapdevila\/general\/nombre-dalumnes-que-juguen-als-escacs\/\" title=\"Read NOMBRE D\u2019ALUMNES QUE JUGUEN ALS ESCACS\">Llegeix m\u00e9s\u00bb<\/a><\/p>\n","protected":false},"author":9,"featured_media":0,"comment_status":"open","ping_status":"open","sticky":false,"template":"","format":"standard","meta":{"_bbp_topic_count":0,"_bbp_reply_count":0,"_bbp_total_topic_count":0,"_bbp_total_reply_count":0,"_bbp_voice_count":0,"_bbp_anonymous_reply_count":0,"_bbp_topic_count_hidden":0,"_bbp_reply_count_hidden":0,"_bbp_forum_subforum_count":0,"footnotes":""},"categories":[61,1],"tags":[],"class_list":["post-656","post","type-post","status-publish","format-standard","hentry","category-cicle-superior","category-general"],"post_mailing_queue_ids":[],"_links":{"self":[{"href":"https:\/\/agora.xtec.cat\/ceiprosercapdevila\/wp-json\/wp\/v2\/posts\/656","targetHints":{"allow":["GET"]}}],"collection":[{"href":"https:\/\/agora.xtec.cat\/ceiprosercapdevila\/wp-json\/wp\/v2\/posts"}],"about":[{"href":"https:\/\/agora.xtec.cat\/ceiprosercapdevila\/wp-json\/wp\/v2\/types\/post"}],"author":[{"embeddable":true,"href":"https:\/\/agora.xtec.cat\/ceiprosercapdevila\/wp-json\/wp\/v2\/users\/9"}],"replies":[{"embeddable":true,"href":"https:\/\/agora.xtec.cat\/ceiprosercapdevila\/wp-json\/wp\/v2\/comments?post=656"}],"version-history":[{"count":0,"href":"https:\/\/agora.xtec.cat\/ceiprosercapdevila\/wp-json\/wp\/v2\/posts\/656\/revisions"}],"wp:attachment":[{"href":"https:\/\/agora.xtec.cat\/ceiprosercapdevila\/wp-json\/wp\/v2\/media?parent=656"}],"wp:term":[{"taxonomy":"category","embeddable":true,"href":"https:\/\/agora.xtec.cat\/ceiprosercapdevila\/wp-json\/wp\/v2\/categories?post=656"},{"taxonomy":"post_tag","embeddable":true,"href":"https:\/\/agora.xtec.cat\/ceiprosercapdevila\/wp-json\/wp\/v2\/tags?post=656"}],"curies":[{"name":"wp","href":"https:\/\/api.w.org\/{rel}","templated":true}]}}