{"id":635,"date":"2017-04-27T09:39:09","date_gmt":"2017-04-27T07:39:09","guid":{"rendered":"https:\/\/blocs.xtec.cat\/rosercapdevila3\/?p=635"},"modified":"2017-04-27T09:39:09","modified_gmt":"2017-04-27T07:39:09","slug":"sortida-centre-dapropament-a-la-natura-navas","status":"publish","type":"post","link":"https:\/\/agora.xtec.cat\/ceiprosercapdevila\/cicle-inicial\/sortida-centre-dapropament-a-la-natura-navas\/","title":{"rendered":"Sortida Centre d&#8217;Apropament a la Natura (Nav\u00e0s)"},"content":{"rendered":"<p>Els nens i nenes de primer de l&#8217;escola vam anar al Centre d&#8217;Apropament a la Natura de Nav\u00e0s. All\u00e0 vam aprendre moltes caracter\u00edstiques de diferents animals, els vam poder donar de menjar, tocar&#8230;<\/p>\n<p>Desitgem que gaudiu d&#8217;aquestes fotos igual que ho vam fer nosaltres. Cliqueu a la imatge per visualitzar-les.<\/p>\n<p><a href=\"https:\/\/goo.gl\/photos\/TuxnToUe2LHDSg5JA\"><img loading=\"lazy\" decoding=\"async\" class=\"alignnone wp-image-636 size-medium aligncenter\" src=\"http:\/\/agora.xtec.cat\/ceiprosercapdevila\/wp-content\/uploads\/usu1162\/2017\/04\/20170306_114307_HDR-300x169.jpg\" alt=\"20170306_114307_HDR\" width=\"300\" height=\"169\" srcset=\"https:\/\/agora.xtec.cat\/ceiprosercapdevila\/wp-content\/uploads\/usu1162\/2017\/04\/20170306_114307_HDR-300x169.jpg 300w, https:\/\/agora.xtec.cat\/ceiprosercapdevila\/wp-content\/uploads\/usu1162\/2017\/04\/20170306_114307_HDR-768x432.jpg 768w, https:\/\/agora.xtec.cat\/ceiprosercapdevila\/wp-content\/uploads\/usu1162\/2017\/04\/20170306_114307_HDR-1024x576.jpg 1024w\" sizes=\"auto, (max-width: 300px) 100vw, 300px\" \/><\/a><\/p>\n","protected":false},"excerpt":{"rendered":"<p>Els nens i nenes de primer de l&#8217;escola vam anar al Centre d&#8217;Apropament a la Natura de Nav\u00e0s. All\u00e0 vam aprendre moltes caracter\u00edstiques de diferents animals, els vam poder donar de menjar, tocar&#8230;<br \/>\nDesitgem que gaudiu d&#8217;aquestes fotos igual que ho vam fer nosaltres. Cliqueu a&hellip;  <a href=\"https:\/\/agora.xtec.cat\/ceiprosercapdevila\/cicle-inicial\/sortida-centre-dapropament-a-la-natura-navas\/\" title=\"Read Sortida Centre d&#8217;Apropament a la Natura (Nav\u00e0s)\">Llegeix m\u00e9s\u00bb<\/a><\/p>\n","protected":false},"author":11,"featured_media":0,"comment_status":"open","ping_status":"open","sticky":false,"template":"","format":"standard","meta":{"_bbp_topic_count":0,"_bbp_reply_count":0,"_bbp_total_topic_count":0,"_bbp_total_reply_count":0,"_bbp_voice_count":0,"_bbp_anonymous_reply_count":0,"_bbp_topic_count_hidden":0,"_bbp_reply_count_hidden":0,"_bbp_forum_subforum_count":0,"footnotes":""},"categories":[59,66],"tags":[],"class_list":["post-635","post","type-post","status-publish","format-standard","hentry","category-cicle-inicial","category-primer"],"post_mailing_queue_ids":[],"_links":{"self":[{"href":"https:\/\/agora.xtec.cat\/ceiprosercapdevila\/wp-json\/wp\/v2\/posts\/635","targetHints":{"allow":["GET"]}}],"collection":[{"href":"https:\/\/agora.xtec.cat\/ceiprosercapdevila\/wp-json\/wp\/v2\/posts"}],"about":[{"href":"https:\/\/agora.xtec.cat\/ceiprosercapdevila\/wp-json\/wp\/v2\/types\/post"}],"author":[{"embeddable":true,"href":"https:\/\/agora.xtec.cat\/ceiprosercapdevila\/wp-json\/wp\/v2\/users\/11"}],"replies":[{"embeddable":true,"href":"https:\/\/agora.xtec.cat\/ceiprosercapdevila\/wp-json\/wp\/v2\/comments?post=635"}],"version-history":[{"count":0,"href":"https:\/\/agora.xtec.cat\/ceiprosercapdevila\/wp-json\/wp\/v2\/posts\/635\/revisions"}],"wp:attachment":[{"href":"https:\/\/agora.xtec.cat\/ceiprosercapdevila\/wp-json\/wp\/v2\/media?parent=635"}],"wp:term":[{"taxonomy":"category","embeddable":true,"href":"https:\/\/agora.xtec.cat\/ceiprosercapdevila\/wp-json\/wp\/v2\/categories?post=635"},{"taxonomy":"post_tag","embeddable":true,"href":"https:\/\/agora.xtec.cat\/ceiprosercapdevila\/wp-json\/wp\/v2\/tags?post=635"}],"curies":[{"name":"wp","href":"https:\/\/api.w.org\/{rel}","templated":true}]}}