{"id":608,"date":"2017-04-20T14:23:33","date_gmt":"2017-04-20T12:23:33","guid":{"rendered":"https:\/\/blocs.xtec.cat\/rosercapdevila3\/?p=608"},"modified":"2017-04-20T14:23:33","modified_gmt":"2017-04-20T12:23:33","slug":"lampa-ens-ajuda-a-decorar-lescola-per-sant-jordi","status":"publish","type":"post","link":"https:\/\/agora.xtec.cat\/ceiprosercapdevila\/general\/lampa-ens-ajuda-a-decorar-lescola-per-sant-jordi\/","title":{"rendered":"L&#8217;AMPA ens ajuda a decorar l&#8217;escola per Sant Jordi"},"content":{"rendered":"<p align=\"JUSTIFY\"><span style=\"font-size: x-large;\">Estimades fam\u00edlies,<\/span><\/p>\n<p><span style=\"font-size: x-large;\">L&#8217;AMPA de la nostra escola ha decorat les parets i sostres amb dracs, roses i lletres.<\/span><\/p>\n<p><span style=\"font-size: x-large;\">Els dracs s\u00f3n artesants i estan fets amb les nostres mans retallades que representen les escames. A infantil tamb\u00e9 hi ha un drac fet amb oueres reciclades. Al sostre de l&#8217;entrada, tant d&#8217;infantil com de prim\u00e0ria, han penjat roses pintades per nosaltres. Per \u00faltim han col\u00b7locat lletres de colors i porexpan amb volum a les parets de les entrades.<\/span><\/p>\n<p><span style=\"font-size: x-large;\">Aquesta decoraci\u00f3 d\u00f3na m\u00e9s alegria, color i un estil primaveral a l&#8217;escola, es comen\u00e7a a respirar aires de Sant Jordi.<\/span><\/p>\n<p><span style=\"font-size: x-large;\">Li donem les gr\u00e0cies a l&#8217;AMPA per la seva col\u00b7laboraci\u00f3 amb l&#8217;escola.<\/span><\/p>\n<p><span style=\"font-size: x-large;\">\u00a0Aqu\u00ed us deixem unes fotografies que nosaltres mateixos hem realitzat. \u00a0 \u00a0<\/span><\/p>\n<p><span style=\"font-size: x-large;\">\u00a0 \u00a0 \u00a0 \u00a0 \u00a0 \u00a0 \u00a0 \u00a0 \u00a0 \u00a0 \u00a0 \u00a0 \u00a0 \u00a0 \u00a0 \u00a0 \u00a0 \u00a0 \u00a0 \u00a0 \u00a0 \u00a0 \u00a0 \u00a0 \u00a0 \u00a0 \u00a0 \u00a0 \u00a0 \u00a0 \u00a0 \u00a0 \u00a0 \u00a0 \u00a0 \u00a0 \u00a0 \u00a0 \u00a0 \u00a0 \u00a0 \u00a0 \u00a0 \u00a0 \u00a0 \u00a0 \u00a0 \u00a0 \u00a0 \u00a0 \u00a0 \u00a0 \u00a0 \u00a0 \u00a0 \u00a0 \u00a0 \u00a0 \u00a0 \u00a0 \u00a0 \u00a0 \u00a0 \u00a0 \u00a0 \u00a0 \u00a0 \u00a0 \u00a0Alumnat de 6\u00e8<\/span><\/p>\n<p>&nbsp;<\/p>\n<p><a href=\"https:\/\/goo.gl\/photos\/T2bNMqDmUQvxqXrF7\"><img loading=\"lazy\" decoding=\"async\" class=\"aligncenter  wp-image-609\" src=\"http:\/\/agora.xtec.cat\/ceiprosercapdevila\/wp-content\/uploads\/usu1162\/2017\/04\/DSCN1550.jpg\" alt=\"DSCN1550\" width=\"431\" height=\"323\" srcset=\"https:\/\/agora.xtec.cat\/ceiprosercapdevila\/wp-content\/uploads\/usu1162\/2017\/04\/DSCN1550.jpg 846w, https:\/\/agora.xtec.cat\/ceiprosercapdevila\/wp-content\/uploads\/usu1162\/2017\/04\/DSCN1550-300x225.jpg 300w, https:\/\/agora.xtec.cat\/ceiprosercapdevila\/wp-content\/uploads\/usu1162\/2017\/04\/DSCN1550-768x576.jpg 768w, https:\/\/agora.xtec.cat\/ceiprosercapdevila\/wp-content\/uploads\/usu1162\/2017\/04\/DSCN1550-200x150.jpg 200w\" sizes=\"auto, (max-width: 431px) 100vw, 431px\" \/><\/a><\/p>\n","protected":false},"excerpt":{"rendered":"<p>Estimades fam\u00edlies,<br \/>\nL&#8217;AMPA de la nostra escola ha decorat les parets i sostres amb dracs, roses i lletres.<br \/>\nEls dracs s\u00f3n artesants i estan fets amb les nostres mans retallades que representen les escames. A infantil tamb\u00e9 hi ha un drac fet amb oueres reciclades. Al sostre&hellip;  <a href=\"https:\/\/agora.xtec.cat\/ceiprosercapdevila\/general\/lampa-ens-ajuda-a-decorar-lescola-per-sant-jordi\/\" title=\"Read L&#8217;AMPA ens ajuda a decorar l&#8217;escola per Sant Jordi\">Llegeix m\u00e9s\u00bb<\/a><\/p>\n","protected":false},"author":5,"featured_media":0,"comment_status":"open","ping_status":"open","sticky":false,"template":"","format":"standard","meta":{"_bbp_topic_count":0,"_bbp_reply_count":0,"_bbp_total_topic_count":0,"_bbp_total_reply_count":0,"_bbp_voice_count":0,"_bbp_anonymous_reply_count":0,"_bbp_topic_count_hidden":0,"_bbp_reply_count_hidden":0,"_bbp_forum_subforum_count":0,"footnotes":""},"categories":[1],"tags":[],"class_list":["post-608","post","type-post","status-publish","format-standard","hentry","category-general"],"post_mailing_queue_ids":[],"_links":{"self":[{"href":"https:\/\/agora.xtec.cat\/ceiprosercapdevila\/wp-json\/wp\/v2\/posts\/608","targetHints":{"allow":["GET"]}}],"collection":[{"href":"https:\/\/agora.xtec.cat\/ceiprosercapdevila\/wp-json\/wp\/v2\/posts"}],"about":[{"href":"https:\/\/agora.xtec.cat\/ceiprosercapdevila\/wp-json\/wp\/v2\/types\/post"}],"author":[{"embeddable":true,"href":"https:\/\/agora.xtec.cat\/ceiprosercapdevila\/wp-json\/wp\/v2\/users\/5"}],"replies":[{"embeddable":true,"href":"https:\/\/agora.xtec.cat\/ceiprosercapdevila\/wp-json\/wp\/v2\/comments?post=608"}],"version-history":[{"count":0,"href":"https:\/\/agora.xtec.cat\/ceiprosercapdevila\/wp-json\/wp\/v2\/posts\/608\/revisions"}],"wp:attachment":[{"href":"https:\/\/agora.xtec.cat\/ceiprosercapdevila\/wp-json\/wp\/v2\/media?parent=608"}],"wp:term":[{"taxonomy":"category","embeddable":true,"href":"https:\/\/agora.xtec.cat\/ceiprosercapdevila\/wp-json\/wp\/v2\/categories?post=608"},{"taxonomy":"post_tag","embeddable":true,"href":"https:\/\/agora.xtec.cat\/ceiprosercapdevila\/wp-json\/wp\/v2\/tags?post=608"}],"curies":[{"name":"wp","href":"https:\/\/api.w.org\/{rel}","templated":true}]}}