{"id":572,"date":"2017-03-28T13:25:45","date_gmt":"2017-03-28T11:25:45","guid":{"rendered":"https:\/\/blocs.xtec.cat\/rosercapdevila3\/?p=572"},"modified":"2017-03-28T13:25:45","modified_gmt":"2017-03-28T11:25:45","slug":"visita-de-lanna-manso-a-4t","status":"publish","type":"post","link":"https:\/\/agora.xtec.cat\/ceiprosercapdevila\/general\/visita-de-lanna-manso-a-4t\/","title":{"rendered":"Visita de l&#8217;Anna Manso a 4t"},"content":{"rendered":"<p>Benvolguts\/des<\/p>\n<p>Avui ens ha visitat l&#8217;Anna Manso. Ens ha agradat molt la xerrada que ens ha fet. Ha sigut interessant i divertida. T\u00e9 molta imaginaci\u00f3 i ens ha donat moltes idees per poder escriure. Uns quants nens i nenes han posat en pr\u00e0ctica els suggeriments\u00a0de l&#8217;Anna i han comen\u00e7at a escriure despr\u00e9s d&#8217;esmorzar.<\/p>\n<p><img loading=\"lazy\" decoding=\"async\" class=\"alignnone size-large wp-image-573\" src=\"http:\/\/agora.xtec.cat\/ceiprosercapdevila\/wp-content\/uploads\/usu1162\/2017\/03\/3-1024x768.jpg\" alt=\"3\" width=\"840\" height=\"630\" srcset=\"https:\/\/agora.xtec.cat\/ceiprosercapdevila\/wp-content\/uploads\/usu1162\/2017\/03\/3-1024x768.jpg 1024w, https:\/\/agora.xtec.cat\/ceiprosercapdevila\/wp-content\/uploads\/usu1162\/2017\/03\/3-300x225.jpg 300w, https:\/\/agora.xtec.cat\/ceiprosercapdevila\/wp-content\/uploads\/usu1162\/2017\/03\/3-768x576.jpg 768w, https:\/\/agora.xtec.cat\/ceiprosercapdevila\/wp-content\/uploads\/usu1162\/2017\/03\/3-200x150.jpg 200w, https:\/\/agora.xtec.cat\/ceiprosercapdevila\/wp-content\/uploads\/usu1162\/2017\/03\/3.jpg 1288w\" sizes=\"auto, (max-width: 840px) 100vw, 840px\" \/><\/p>\n<p>Gr\u00e0cies Anna<\/p>\n<p>&nbsp;<\/p>\n","protected":false},"excerpt":{"rendered":"<p>Benvolguts\/des<br \/>\nAvui ens ha visitat l&#8217;Anna Manso. Ens ha agradat molt la xerrada que ens ha fet. Ha sigut interessant i divertida. T\u00e9 molta imaginaci\u00f3 i ens ha donat moltes idees per poder escriure. Uns quants nens i nenes han posat en pr\u00e0ctica els suggeriments\u00a0de l&#8217;Anna&hellip;  <a href=\"https:\/\/agora.xtec.cat\/ceiprosercapdevila\/general\/visita-de-lanna-manso-a-4t\/\" title=\"Read Visita de l&#8217;Anna Manso a 4t\">Llegeix m\u00e9s\u00bb<\/a><\/p>\n","protected":false},"author":6,"featured_media":0,"comment_status":"open","ping_status":"open","sticky":false,"template":"","format":"standard","meta":{"_bbp_topic_count":0,"_bbp_reply_count":0,"_bbp_total_topic_count":0,"_bbp_total_reply_count":0,"_bbp_voice_count":0,"_bbp_anonymous_reply_count":0,"_bbp_topic_count_hidden":0,"_bbp_reply_count_hidden":0,"_bbp_forum_subforum_count":0,"footnotes":""},"categories":[1],"tags":[],"class_list":["post-572","post","type-post","status-publish","format-standard","hentry","category-general"],"post_mailing_queue_ids":[],"_links":{"self":[{"href":"https:\/\/agora.xtec.cat\/ceiprosercapdevila\/wp-json\/wp\/v2\/posts\/572","targetHints":{"allow":["GET"]}}],"collection":[{"href":"https:\/\/agora.xtec.cat\/ceiprosercapdevila\/wp-json\/wp\/v2\/posts"}],"about":[{"href":"https:\/\/agora.xtec.cat\/ceiprosercapdevila\/wp-json\/wp\/v2\/types\/post"}],"author":[{"embeddable":true,"href":"https:\/\/agora.xtec.cat\/ceiprosercapdevila\/wp-json\/wp\/v2\/users\/6"}],"replies":[{"embeddable":true,"href":"https:\/\/agora.xtec.cat\/ceiprosercapdevila\/wp-json\/wp\/v2\/comments?post=572"}],"version-history":[{"count":0,"href":"https:\/\/agora.xtec.cat\/ceiprosercapdevila\/wp-json\/wp\/v2\/posts\/572\/revisions"}],"wp:attachment":[{"href":"https:\/\/agora.xtec.cat\/ceiprosercapdevila\/wp-json\/wp\/v2\/media?parent=572"}],"wp:term":[{"taxonomy":"category","embeddable":true,"href":"https:\/\/agora.xtec.cat\/ceiprosercapdevila\/wp-json\/wp\/v2\/categories?post=572"},{"taxonomy":"post_tag","embeddable":true,"href":"https:\/\/agora.xtec.cat\/ceiprosercapdevila\/wp-json\/wp\/v2\/tags?post=572"}],"curies":[{"name":"wp","href":"https:\/\/api.w.org\/{rel}","templated":true}]}}