{"id":566,"date":"2017-03-27T16:17:36","date_gmt":"2017-03-27T14:17:36","guid":{"rendered":"https:\/\/blocs.xtec.cat\/rosercapdevila3\/?p=566"},"modified":"2017-03-27T16:17:36","modified_gmt":"2017-03-27T14:17:36","slug":"aprenem-sobre-roques-i-minerals","status":"publish","type":"post","link":"https:\/\/agora.xtec.cat\/ceiprosercapdevila\/general\/aprenem-sobre-roques-i-minerals\/","title":{"rendered":"APRENEM SOBRE ROQUES I MINERALS"},"content":{"rendered":"<p>El divendres 24 de mar\u00e7, va venir el Josep, un amic d&#8217;un company de classe per explicar-nos m\u00e9s coses sobre les roques i minerals a la classe de 5\u00e8A.<\/p>\n<p>En Josep ens va ensenyar moltes coses: les seves eines per anar a buscar minerals i roques, els seus apunts, que per cert els va comen\u00e7ar a escriure quan tenia 7 o 8 anys, mapes geol\u00f2gics&#8230;<\/p>\n<p>Ens va regalar una col.lecci\u00f3 de roques sediment\u00e0ries, metam\u00f2rfiques i \u00a0magm\u00e0tiques i una de minerals.<\/p>\n<p>Per donar-li les gr\u00e0cies, li vam escriure dues cartes amb unes paraules fetes amb tot el cor.<\/p>\n<p>Mar, Carla i Nuria.<\/p>\n<p><a href=\"https:\/\/goo.gl\/photos\/YvmMs8dZ3uLtyrNTA\"><img loading=\"lazy\" decoding=\"async\" class=\"aligncenter size-full wp-image-568\" src=\"http:\/\/agora.xtec.cat\/ceiprosercapdevila\/wp-content\/uploads\/usu1162\/2017\/03\/DSCN1369.jpg\" alt=\"DSCN1369\" width=\"640\" height=\"480\" srcset=\"https:\/\/agora.xtec.cat\/ceiprosercapdevila\/wp-content\/uploads\/usu1162\/2017\/03\/DSCN1369.jpg 640w, https:\/\/agora.xtec.cat\/ceiprosercapdevila\/wp-content\/uploads\/usu1162\/2017\/03\/DSCN1369-300x225.jpg 300w, https:\/\/agora.xtec.cat\/ceiprosercapdevila\/wp-content\/uploads\/usu1162\/2017\/03\/DSCN1369-200x150.jpg 200w\" sizes=\"auto, (max-width: 640px) 100vw, 640px\" \/><\/a><\/p>\n","protected":false},"excerpt":{"rendered":"<p>El divendres 24 de mar\u00e7, va venir el Josep, un amic d&#8217;un company de classe per explicar-nos m\u00e9s coses sobre les roques i minerals a la classe de 5\u00e8A.<br \/>\nEn Josep ens va ensenyar moltes coses: les seves eines per anar a buscar minerals i roques,&hellip;  <a href=\"https:\/\/agora.xtec.cat\/ceiprosercapdevila\/general\/aprenem-sobre-roques-i-minerals\/\" title=\"Read APRENEM SOBRE ROQUES I MINERALS\">Llegeix m\u00e9s\u00bb<\/a><\/p>\n","protected":false},"author":5,"featured_media":0,"comment_status":"open","ping_status":"open","sticky":false,"template":"","format":"standard","meta":{"_bbp_topic_count":0,"_bbp_reply_count":0,"_bbp_total_topic_count":0,"_bbp_total_reply_count":0,"_bbp_voice_count":0,"_bbp_anonymous_reply_count":0,"_bbp_topic_count_hidden":0,"_bbp_reply_count_hidden":0,"_bbp_forum_subforum_count":0,"footnotes":""},"categories":[1],"tags":[],"class_list":["post-566","post","type-post","status-publish","format-standard","hentry","category-general"],"post_mailing_queue_ids":[],"_links":{"self":[{"href":"https:\/\/agora.xtec.cat\/ceiprosercapdevila\/wp-json\/wp\/v2\/posts\/566","targetHints":{"allow":["GET"]}}],"collection":[{"href":"https:\/\/agora.xtec.cat\/ceiprosercapdevila\/wp-json\/wp\/v2\/posts"}],"about":[{"href":"https:\/\/agora.xtec.cat\/ceiprosercapdevila\/wp-json\/wp\/v2\/types\/post"}],"author":[{"embeddable":true,"href":"https:\/\/agora.xtec.cat\/ceiprosercapdevila\/wp-json\/wp\/v2\/users\/5"}],"replies":[{"embeddable":true,"href":"https:\/\/agora.xtec.cat\/ceiprosercapdevila\/wp-json\/wp\/v2\/comments?post=566"}],"version-history":[{"count":0,"href":"https:\/\/agora.xtec.cat\/ceiprosercapdevila\/wp-json\/wp\/v2\/posts\/566\/revisions"}],"wp:attachment":[{"href":"https:\/\/agora.xtec.cat\/ceiprosercapdevila\/wp-json\/wp\/v2\/media?parent=566"}],"wp:term":[{"taxonomy":"category","embeddable":true,"href":"https:\/\/agora.xtec.cat\/ceiprosercapdevila\/wp-json\/wp\/v2\/categories?post=566"},{"taxonomy":"post_tag","embeddable":true,"href":"https:\/\/agora.xtec.cat\/ceiprosercapdevila\/wp-json\/wp\/v2\/tags?post=566"}],"curies":[{"name":"wp","href":"https:\/\/api.w.org\/{rel}","templated":true}]}}