{"id":543,"date":"2017-03-21T19:04:54","date_gmt":"2017-03-21T18:04:54","guid":{"rendered":"https:\/\/blocs.xtec.cat\/rosercapdevila3\/?p=543"},"modified":"2017-03-21T19:04:54","modified_gmt":"2017-03-21T18:04:54","slug":"canconetes-del-projecte-dels-tres-porquets","status":"publish","type":"post","link":"https:\/\/agora.xtec.cat\/ceiprosercapdevila\/educacio-infantil\/canconetes-del-projecte-dels-tres-porquets\/","title":{"rendered":"Can\u00e7onetes del projecte dels Tres porquets!"},"content":{"rendered":"<p>Durant el projecte dels tres porquets els nens i nenes han gaudit molt cantat dues can\u00e7onetes, la &#8220;can\u00e7\u00f3 dels tres porquets&#8221; i &#8220;Passegem-nos pel bosc&#8221;, s\u00f3n molt divertides!!<\/p>\n<p><iframe loading=\"lazy\" width=\"425\" height=\"239\" src=\"https:\/\/www.youtube.com\/embed\/PM36jaX2OmE?rel=0\" frameborder=\"0\" allowfullscreen><\/iframe><\/p>\n<p><iframe loading=\"lazy\" width=\"425\" height=\"239\" src=\"https:\/\/www.youtube.com\/embed\/06H7oOTVqQc?rel=0\" frameborder=\"0\" allowfullscreen><\/iframe><\/p>\n","protected":false},"excerpt":{"rendered":"<p>Durant el projecte dels tres porquets els nens i nenes han gaudit molt cantat dues can\u00e7onetes, la &#8220;can\u00e7\u00f3 dels tres porquets&#8221; i &#8220;Passegem-nos pel bosc&#8221;, s\u00f3n molt divertides!!<\/p>\n","protected":false},"author":7,"featured_media":0,"comment_status":"open","ping_status":"open","sticky":false,"template":"","format":"standard","meta":{"_bbp_topic_count":0,"_bbp_reply_count":0,"_bbp_total_topic_count":0,"_bbp_total_reply_count":0,"_bbp_voice_count":0,"_bbp_anonymous_reply_count":0,"_bbp_topic_count_hidden":0,"_bbp_reply_count_hidden":0,"_bbp_forum_subforum_count":0,"footnotes":""},"categories":[62],"tags":[],"class_list":["post-543","post","type-post","status-publish","format-standard","hentry","category-educacio-infantil"],"post_mailing_queue_ids":[],"_links":{"self":[{"href":"https:\/\/agora.xtec.cat\/ceiprosercapdevila\/wp-json\/wp\/v2\/posts\/543","targetHints":{"allow":["GET"]}}],"collection":[{"href":"https:\/\/agora.xtec.cat\/ceiprosercapdevila\/wp-json\/wp\/v2\/posts"}],"about":[{"href":"https:\/\/agora.xtec.cat\/ceiprosercapdevila\/wp-json\/wp\/v2\/types\/post"}],"author":[{"embeddable":true,"href":"https:\/\/agora.xtec.cat\/ceiprosercapdevila\/wp-json\/wp\/v2\/users\/7"}],"replies":[{"embeddable":true,"href":"https:\/\/agora.xtec.cat\/ceiprosercapdevila\/wp-json\/wp\/v2\/comments?post=543"}],"version-history":[{"count":0,"href":"https:\/\/agora.xtec.cat\/ceiprosercapdevila\/wp-json\/wp\/v2\/posts\/543\/revisions"}],"wp:attachment":[{"href":"https:\/\/agora.xtec.cat\/ceiprosercapdevila\/wp-json\/wp\/v2\/media?parent=543"}],"wp:term":[{"taxonomy":"category","embeddable":true,"href":"https:\/\/agora.xtec.cat\/ceiprosercapdevila\/wp-json\/wp\/v2\/categories?post=543"},{"taxonomy":"post_tag","embeddable":true,"href":"https:\/\/agora.xtec.cat\/ceiprosercapdevila\/wp-json\/wp\/v2\/tags?post=543"}],"curies":[{"name":"wp","href":"https:\/\/api.w.org\/{rel}","templated":true}]}}