{"id":522,"date":"2017-03-08T16:20:16","date_gmt":"2017-03-08T15:20:16","guid":{"rendered":"https:\/\/blocs.xtec.cat\/rosercapdevila3\/?p=522"},"modified":"2017-03-08T16:20:16","modified_gmt":"2017-03-08T15:20:16","slug":"sortida-6e-colonia-industrial-manlleu","status":"publish","type":"post","link":"https:\/\/agora.xtec.cat\/ceiprosercapdevila\/cicle-superior\/sortida-6e-colonia-industrial-manlleu\/","title":{"rendered":"Sortida 6\u00e8: Col\u00f2nia Industrial Manlleu"},"content":{"rendered":"<p>L&#8217;alumnat de 6\u00e8 ha visitat la Col\u00f2nia Industrial de Manlleu.<\/p>\n<p><a href=\"https:\/\/goo.gl\/photos\/YoajEGKdd8RoxNhH6\"><img loading=\"lazy\" decoding=\"async\" class=\"aligncenter wp-image-523\" src=\"http:\/\/agora.xtec.cat\/ceiprosercapdevila\/wp-content\/uploads\/usu1162\/2017\/03\/museu-ter.jpg\" alt=\"museu-ter\" width=\"640\" height=\"426\" \/><\/a><\/p>\n","protected":false},"excerpt":{"rendered":"<p>L&#8217;alumnat de 6\u00e8 ha visitat la Col\u00f2nia Industrial de Manlleu.<br \/>\n<a href=\"https:\/\/goo.gl\/photos\/YoajEGKdd8RoxNhH6\"><\/a><\/p>\n","protected":false},"author":9,"featured_media":0,"comment_status":"open","ping_status":"open","sticky":false,"template":"","format":"standard","meta":{"_bbp_topic_count":0,"_bbp_reply_count":0,"_bbp_total_topic_count":0,"_bbp_total_reply_count":0,"_bbp_voice_count":0,"_bbp_anonymous_reply_count":0,"_bbp_topic_count_hidden":0,"_bbp_reply_count_hidden":0,"_bbp_forum_subforum_count":0,"footnotes":""},"categories":[61],"tags":[],"class_list":["post-522","post","type-post","status-publish","format-standard","hentry","category-cicle-superior"],"post_mailing_queue_ids":[],"_links":{"self":[{"href":"https:\/\/agora.xtec.cat\/ceiprosercapdevila\/wp-json\/wp\/v2\/posts\/522","targetHints":{"allow":["GET"]}}],"collection":[{"href":"https:\/\/agora.xtec.cat\/ceiprosercapdevila\/wp-json\/wp\/v2\/posts"}],"about":[{"href":"https:\/\/agora.xtec.cat\/ceiprosercapdevila\/wp-json\/wp\/v2\/types\/post"}],"author":[{"embeddable":true,"href":"https:\/\/agora.xtec.cat\/ceiprosercapdevila\/wp-json\/wp\/v2\/users\/9"}],"replies":[{"embeddable":true,"href":"https:\/\/agora.xtec.cat\/ceiprosercapdevila\/wp-json\/wp\/v2\/comments?post=522"}],"version-history":[{"count":0,"href":"https:\/\/agora.xtec.cat\/ceiprosercapdevila\/wp-json\/wp\/v2\/posts\/522\/revisions"}],"wp:attachment":[{"href":"https:\/\/agora.xtec.cat\/ceiprosercapdevila\/wp-json\/wp\/v2\/media?parent=522"}],"wp:term":[{"taxonomy":"category","embeddable":true,"href":"https:\/\/agora.xtec.cat\/ceiprosercapdevila\/wp-json\/wp\/v2\/categories?post=522"},{"taxonomy":"post_tag","embeddable":true,"href":"https:\/\/agora.xtec.cat\/ceiprosercapdevila\/wp-json\/wp\/v2\/tags?post=522"}],"curies":[{"name":"wp","href":"https:\/\/api.w.org\/{rel}","templated":true}]}}