{"id":513,"date":"2017-03-06T09:32:22","date_gmt":"2017-03-06T08:32:22","guid":{"rendered":"https:\/\/blocs.xtec.cat\/rosercapdevila3\/?p=513"},"modified":"2017-03-06T09:32:22","modified_gmt":"2017-03-06T08:32:22","slug":"exposicions-de-projectes","status":"publish","type":"post","link":"https:\/\/agora.xtec.cat\/ceiprosercapdevila\/cicle-inicial\/exposicions-de-projectes\/","title":{"rendered":"Exposicions de projectes"},"content":{"rendered":"<p>El passat dimecres 1 de mar\u00e7 l&#8217;alumnat de p5 van fer les exposicions, davant els pares i mares, dels projectes que han treballat durant aquest curs, amb un \u00e8xit notable. Aqu\u00ed teniu les fotos:<\/p>\n<p><a href=\"https:\/\/goo.gl\/photos\/qGniJoGRtF5fxGwp7\" target=\"_blank\"><img loading=\"lazy\" decoding=\"async\" class=\"alignnone\" src=\"https:\/\/lh3.googleusercontent.com\/1txmDWmByuAax3bQK74Os3nRL3mzg0slszPygXTe0FgQbthQ5ojOHqtvN-eDC5hWmvibP_TgOfQrsLdNFqSO-qL6gzaT-oVZtx6G6vdtSAmOXyUqljH5oJgdex94FHaZz6y_FhN1hJVX764acnUxmLz6uen5YtPr795MkwRaPERjbxHSWK0LM1q3gflqS546FHQ53IyJuj6fv5oiN5iaD4pCjiKrJ9YvPaRdLJBdfZj_VDFC6k6RDEVPAEk1kd_OCV-ZS9gBOdkUEwmb4mJDQo-B9zmoIakLAs9pOULGvZBCVjueATpUiixJQ7mAYJ8FgfpcoHzGaflw_oCDWT_R1r5TYfWp4npqWF1F4iwD90Xmyxi7GpDzJ6ZzcOoRBRJk6ezBdIinif6lDTaPHwu_fYq0CcOyic04o39Ihf_i5B_79Bn6e3cioHmK7skr1uCpB46BLTrT0U6tLPiTELmcQYoIMnkiWiOGRhdp0kH3ltCHxQfKW-2am_EiXzSHvTHDZijOozA-fSe6EZPDoHWCt-3gTSFU2PyWlC8z7n1u6LWZZFCI04fBDRQf_cuempi5FPNjxhvOVJ56ODtYROPSRyLy2tQYZBg3q2Ht4gr_rDSySMfmVTVvRw=w640-h480-no\" width=\"640\" height=\"480\" \/><\/a><\/p>\n<p>Igualment, l&#8217;alumnat de prim\u00e0ria va exposar els seus projectes el passat dijous 2 de mar\u00e7, amb una gran aflu\u00e8ncia de pares i mares. Aqu\u00ed podeu veure les fotos:<\/p>\n<p><a href=\"https:\/\/photos.google.com\/share\/AF1QipPn0BXv5aMfw4STSE_Ggg-gWTAeYaHmOrx2Ot-gIgzZrqd5O8cXODVzLKbwC4v5Zg?key=WnV3dHNxeDMwUHEwRW5MX2psdXFmWU1FNVVkdWRR\" target=\"_blank\"><img loading=\"lazy\" decoding=\"async\" class=\"alignnone\" src=\"https:\/\/lh3.googleusercontent.com\/z4PqJULD_DKh_2KRX8sDer0L4cwXn769lo4XN1Z5T-FGYhguFWTDT4Uoq-hEl3QLJAPcPIgBfnwAaYfJeqTKxmRLjtNuBo9SIWbZH2vz9xUganAJAgkHrkNLdfL7Gr3hJYkfNXNXShU6MJcxdvBCN0UB4lcxfReH2zQ1xS-UrROUgu7ruyZMigQW877VFtMXY09V12D-7m55Htnt3izW-QsdX4cnldzm1IJCB3h5RpHTOm_1qbAt2Zbbo9IL79vDfj5pUE4FdAu0f267gExIHUZEhAQoRCXAwQDg45Z-eJNyF5eeUgM2upeH4xbp6RcgpepeqUwgpTwbI0dx4CCvzP8kVCwNaRPKb9C4nkLaBXnK1q9OHJDi7wweTCApkOGceh55WVkAWb1GmrtrFLREtuQl5dT2n_NvCxRHkdHm8RALq2_TJcIUEIj8rioihtg7zq7LNjvdqjVAtvb1KGRnh_CP8avCEoUnZf8mUX3aFjZtYGgjbHPhSJO8E-feSL1RgwVBG0R0m_giaVugjOsFmnShJ3sgMYj0ZOAAojVq7PKR5E1T_-9r3Fr2OU3dmX_IN8JM0b3QnhgYHRIY8AkL9shXFtAwopcGdH4_fbQlH4DllKYNomu4trCXSrQlpf94Ny0cAu5RDi3hV9aKwhU66pTrtlnc6Af82-rLltWQzOU=w838-h628-no\" width=\"838\" height=\"628\" \/><\/a><\/p>\n","protected":false},"excerpt":{"rendered":"<p>El passat dimecres 1 de mar\u00e7 l&#8217;alumnat de p5 van fer les exposicions, davant els pares i mares, dels projectes que han treballat durant aquest curs, amb un \u00e8xit notable. Aqu\u00ed teniu les fotos:<br \/>\n<a href=\"https:\/\/goo.gl\/photos\/qGniJoGRtF5fxGwp7\" target=\"_blank\"><\/a><br \/>\nIgualment, l&#8217;alumnat de prim\u00e0ria va exposar els seus projectes el&hellip;  <a href=\"https:\/\/agora.xtec.cat\/ceiprosercapdevila\/cicle-inicial\/exposicions-de-projectes\/\" title=\"Read Exposicions de projectes\">Llegeix m\u00e9s\u00bb<\/a><\/p>\n","protected":false},"author":1,"featured_media":0,"comment_status":"open","ping_status":"open","sticky":false,"template":"","format":"standard","meta":{"_bbp_topic_count":0,"_bbp_reply_count":0,"_bbp_total_topic_count":0,"_bbp_total_reply_count":0,"_bbp_voice_count":0,"_bbp_anonymous_reply_count":0,"_bbp_topic_count_hidden":0,"_bbp_reply_count_hidden":0,"_bbp_forum_subforum_count":0,"footnotes":""},"categories":[59,60,61,62],"tags":[],"class_list":["post-513","post","type-post","status-publish","format-standard","hentry","category-cicle-inicial","category-cicle-mitja","category-cicle-superior","category-educacio-infantil"],"post_mailing_queue_ids":[],"_links":{"self":[{"href":"https:\/\/agora.xtec.cat\/ceiprosercapdevila\/wp-json\/wp\/v2\/posts\/513","targetHints":{"allow":["GET"]}}],"collection":[{"href":"https:\/\/agora.xtec.cat\/ceiprosercapdevila\/wp-json\/wp\/v2\/posts"}],"about":[{"href":"https:\/\/agora.xtec.cat\/ceiprosercapdevila\/wp-json\/wp\/v2\/types\/post"}],"author":[{"embeddable":true,"href":"https:\/\/agora.xtec.cat\/ceiprosercapdevila\/wp-json\/wp\/v2\/users\/1"}],"replies":[{"embeddable":true,"href":"https:\/\/agora.xtec.cat\/ceiprosercapdevila\/wp-json\/wp\/v2\/comments?post=513"}],"version-history":[{"count":0,"href":"https:\/\/agora.xtec.cat\/ceiprosercapdevila\/wp-json\/wp\/v2\/posts\/513\/revisions"}],"wp:attachment":[{"href":"https:\/\/agora.xtec.cat\/ceiprosercapdevila\/wp-json\/wp\/v2\/media?parent=513"}],"wp:term":[{"taxonomy":"category","embeddable":true,"href":"https:\/\/agora.xtec.cat\/ceiprosercapdevila\/wp-json\/wp\/v2\/categories?post=513"},{"taxonomy":"post_tag","embeddable":true,"href":"https:\/\/agora.xtec.cat\/ceiprosercapdevila\/wp-json\/wp\/v2\/tags?post=513"}],"curies":[{"name":"wp","href":"https:\/\/api.w.org\/{rel}","templated":true}]}}