{"id":43,"date":"2016-11-30T13:29:18","date_gmt":"2016-11-30T12:29:18","guid":{"rendered":"https:\/\/blocs.xtec.cat\/rosercapdevila3\/?p=43"},"modified":"2016-11-30T13:29:18","modified_gmt":"2016-11-30T12:29:18","slug":"treballem-lalimentacio","status":"publish","type":"post","link":"https:\/\/agora.xtec.cat\/ceiprosercapdevila\/general\/treballem-lalimentacio\/","title":{"rendered":"Treballem l&#8217;alimentaci\u00f3"},"content":{"rendered":"<p>Els nens i nenes de 2n estem treballant l&#8217;alimentaci\u00f3.<br \/>\nEls italians i italianes despr\u00e9s de parlar molt i de debatre qu\u00e8 voliem aprendre d&#8217;aquest tema ens van sortir moltes preguntes i vam fer-ne un mural molt gran i les vam agrupar per temes.<\/p>\n<p>Com que ten\u00edem la sortida del Museu de la xocolata i ens agrada molt treballar aquest tema, vam comen\u00e7ar-hi a investigar  i a respondre les preguntes que ens hav\u00edem fet.Ho vam fer investigant per grups petits i despr\u00e9s escribint-ho a una presentaci\u00f3 virtual amb els port\u00e0tils.Ja ens estem fent grans!!<\/p>\n<p><a href=\"https:\/\/plus.google.com\/104833646971370570972\/posts\/DS6qdn7SjPZ\" target=\"_blank\">NOU PROJECTE:L&#8217;ALIMENTACI\u00d3<\/a><\/p>\n","protected":false},"excerpt":{"rendered":"<p>Els nens i nenes de 2n estem treballant l&#8217;alimentaci\u00f3.<br \/>\nEls italians i italianes despr\u00e9s de parlar molt i de debatre qu\u00e8 voliem aprendre d&#8217;aquest tema ens van sortir moltes preguntes i vam fer-ne un mural molt gran i les vam agrupar per temes.<br \/>\nCom que ten\u00edem la&hellip;  <a href=\"https:\/\/agora.xtec.cat\/ceiprosercapdevila\/general\/treballem-lalimentacio\/\" title=\"Read Treballem l&#8217;alimentaci\u00f3\">Llegeix m\u00e9s\u00bb<\/a><\/p>\n","protected":false},"author":17,"featured_media":0,"comment_status":"open","ping_status":"open","sticky":false,"template":"","format":"standard","meta":{"_bbp_topic_count":0,"_bbp_reply_count":0,"_bbp_total_topic_count":0,"_bbp_total_reply_count":0,"_bbp_voice_count":0,"_bbp_anonymous_reply_count":0,"_bbp_topic_count_hidden":0,"_bbp_reply_count_hidden":0,"_bbp_forum_subforum_count":0,"footnotes":""},"categories":[59,1],"tags":[],"class_list":["post-43","post","type-post","status-publish","format-standard","hentry","category-cicle-inicial","category-general"],"post_mailing_queue_ids":[],"_links":{"self":[{"href":"https:\/\/agora.xtec.cat\/ceiprosercapdevila\/wp-json\/wp\/v2\/posts\/43","targetHints":{"allow":["GET"]}}],"collection":[{"href":"https:\/\/agora.xtec.cat\/ceiprosercapdevila\/wp-json\/wp\/v2\/posts"}],"about":[{"href":"https:\/\/agora.xtec.cat\/ceiprosercapdevila\/wp-json\/wp\/v2\/types\/post"}],"author":[{"embeddable":true,"href":"https:\/\/agora.xtec.cat\/ceiprosercapdevila\/wp-json\/wp\/v2\/users\/17"}],"replies":[{"embeddable":true,"href":"https:\/\/agora.xtec.cat\/ceiprosercapdevila\/wp-json\/wp\/v2\/comments?post=43"}],"version-history":[{"count":0,"href":"https:\/\/agora.xtec.cat\/ceiprosercapdevila\/wp-json\/wp\/v2\/posts\/43\/revisions"}],"wp:attachment":[{"href":"https:\/\/agora.xtec.cat\/ceiprosercapdevila\/wp-json\/wp\/v2\/media?parent=43"}],"wp:term":[{"taxonomy":"category","embeddable":true,"href":"https:\/\/agora.xtec.cat\/ceiprosercapdevila\/wp-json\/wp\/v2\/categories?post=43"},{"taxonomy":"post_tag","embeddable":true,"href":"https:\/\/agora.xtec.cat\/ceiprosercapdevila\/wp-json\/wp\/v2\/tags?post=43"}],"curies":[{"name":"wp","href":"https:\/\/api.w.org\/{rel}","templated":true}]}}