{"id":369,"date":"2016-12-16T13:02:16","date_gmt":"2016-12-16T12:02:16","guid":{"rendered":"https:\/\/blocs.xtec.cat\/rosercapdevila3\/?p=369"},"modified":"2016-12-16T13:02:16","modified_gmt":"2016-12-16T12:02:16","slug":"p4-racons-de-treball-1r-trimestre","status":"publish","type":"post","link":"https:\/\/agora.xtec.cat\/ceiprosercapdevila\/educacio-infantil\/p4-racons-de-treball-1r-trimestre\/","title":{"rendered":"P4 RACONS DE TREBALL 1r trimestre"},"content":{"rendered":"<p align=\"JUSTIFY\"><span style=\"font-family: Comic Sans MS,serif;\"><span style=\"font-size: small;\">BENVOLGUDES FAM\u00cdLIES,<\/span><\/span><\/p>\n<p align=\"JUSTIFY\"><span style=\"font-family: Comic Sans MS,serif;\"><span style=\"font-size: small;\">A CONTINUACI\u00d3 US FEM CINC C\u00c8NTIMS D\u2019ALL\u00d2 QUE ELS VOSTRES FILLS\/ES HAN ANAT REALITZANT EN ELS RACONS DE TREBALL AL LLARG DEL PRIMER TRIMESTRE.<\/span><\/span><\/p>\n<p align=\"JUSTIFY\"><span style=\"font-family: Comic Sans MS,serif;\"><span style=\"font-size: small;\">A TRAV\u00c9S D\u2019AQUESTA MANERA DE FER, NO TANT SOLS TREBALLEN ELS CONCEPTES, LES DESTRESES I LES HABILITATS, ANEM M\u00c9S ENLL\u00c0 PER TAL D\u2019ANAR ASSOLINT UNA AUTONOMIA EN LA REALITZACI\u00d3 DE LES DIVERSES TASQUES, ON CADA INFANT PARTEIX DEL SEU NIVELL I EVOLUCIONA RESPECTANT EL SEU RITME.<\/span><\/span><\/p>\n<p align=\"JUSTIFY\"><span style=\"font-family: Comic Sans MS,serif;\"><span style=\"font-size: small;\">ELS NOSTRES RACONS DE TREBALL ENGLOBEN ELS SEG\u00dcENTS ASPECTES:<\/span><\/span><\/p>\n<p align=\"JUSTIFY\"><span style=\"font-family: Comic Sans MS,serif;\"><span style=\"font-size: small;\">&#8211; <\/span><\/span><span style=\"font-family: Comic Sans MS,serif;\"><span style=\"font-size: small;\"><u>MATEM\u00c0TIQUES:<\/u><\/span><\/span><span style=\"font-family: Comic Sans MS,serif;\"><span style=\"font-size: small;\"> ESPAI, FIGURES GEOM\u00c8TRIQUES, SERIACI\u00d3 SEGONS ATRIBUTS, IDENTIFICACI\u00d3 DEL N\u00daMERO, RELACI\u00d3 DE LA NOCI\u00d3 QUANTITAT AMB EL N\u00daMERO, L\u00d2GICA, &#8230;<\/span><\/span><\/p>\n<p align=\"JUSTIFY\"><span style=\"font-family: Comic Sans MS,serif;\"><span style=\"font-size: small;\">&#8211; <\/span><\/span><span style=\"font-family: Comic Sans MS,serif;\"><span style=\"font-size: small;\"><u>PSICOMOTRICITAT FINA<\/u><\/span><\/span><span style=\"font-family: Comic Sans MS,serif;\"><span style=\"font-size: small;\">: DESENVOLUPAR LA PRECISSI\u00d3 I LA COORDINACI\u00d3 MOTORA DELS DITS I LA COORDINACI\u00d3 OCULO-MANUAL <\/span><\/span><\/p>\n<p align=\"JUSTIFY\"><span style=\"font-family: Comic Sans MS,serif;\"><span style=\"font-size: small;\">&#8211; <\/span><\/span><span style=\"font-family: Comic Sans MS,serif;\"><span style=\"font-size: small;\"><u>TRA\u00c7 I GRAFIA<\/u><\/span><\/span><span style=\"font-family: Comic Sans MS,serif;\"><span style=\"font-size: small;\">: EXERCITAR DEL PL\u00c0 VERTICAL A L\u2019HORITZONTAL DIFERENTS TRA\u00c7OS PER TAL QUE ELS INFANTS MADURIN PROGRESSIVAMENT EL CONTROL DEL TO MUSCULAR, LA POSTURA I LA PRENSI\u00d3. D\u2019AQUESTA MANERA ANAR ADQUIRINT EL DOMINI DELS MOVIMENTS B\u00c0SICS DE L\u2019ESCRIPTURA.<\/span><\/span><\/p>\n<p align=\"JUSTIFY\"><span style=\"font-family: Comic Sans MS,serif;\"><span style=\"font-size: small;\">&#8211; <\/span><\/span><span style=\"font-family: Comic Sans MS,serif;\"><span style=\"font-size: small;\"><u>LECTOESCRIPTURA<\/u><\/span><\/span><span style=\"font-family: Comic Sans MS,serif;\"><span style=\"font-size: small;\">: LECTURA GLOBALITZADA DEL VOCABULARI TREBALLAT A L\u2019AULA SEGONS LES TEM\u00c0TIQUES QUE TRACTEM, IDENTIFICAR I RELACIONAR PARAULES, CONFEGIR PARAULES AMB UN MODEL, DESCOBRIR I IDENTIFICAR LA FORMA DE LES VOCALS TANT PER ESCRIT COM AUDITIVAMENT SI SONEN O NO EN UNA PARAULA, &#8230;<\/span><\/span><\/p>\n<p align=\"JUSTIFY\"><span style=\"font-family: Comic Sans MS,serif;\"><span style=\"font-size: small;\">&#8211; <\/span><\/span><span style=\"font-family: Comic Sans MS,serif;\"><span style=\"font-size: small;\"><u>PL\u00c0STICA:<\/u><\/span><\/span><span style=\"font-family: Comic Sans MS,serif;\"><span style=\"font-size: small;\"> DESENVOLUPAR LA CREATIVITAT, LES DESTRESES I HABILITATS MOTORES A TRAV\u00c9S DE DIFERENTS T\u00c8CNIQUES PL\u00c0STIQUES COM: ESTRIPAR, ESQUIN\u00c7AR, ESTAMPAR, PUNXAR, RETALLAR, DIBUIXAR&#8230;<\/span><\/span><\/p>\n<p align=\"JUSTIFY\"><span style=\"font-family: Comic Sans MS,serif;\"><span style=\"font-size: small;\">&#8211; <\/span><\/span><span style=\"font-family: Comic Sans MS,serif;\"><span style=\"font-size: small;\"><u>EL PROPI NOM<\/u><\/span><\/span><span style=\"font-family: Comic Sans MS,serif;\"><span style=\"font-size: small;\">: ADQUIRIR LA NOCI\u00d3 DE LA PR\u00d2PIA IDENTITAT I SER CONSCIENT DE LES LLETRES QUE EL COMPOSEN I EL SEU ORDRE. L\u2019HAN TREBALLAT MOLT AMB DIFERENTS T\u00c8CNIQUES PL\u00c0STIQUES DES DEL VOLUM, ESTAMPACI\u00d3, CONFEGINT-LO AMB LLETRES, RETALLANT I ENCOLANT LLETRES ,&#8230;.<\/span><\/span><\/p>\n<p align=\"JUSTIFY\"><span style=\"font-family: Comic Sans MS,serif;\"><span style=\"font-size: small;\">ESPEREM QUE US AGRADIN LES IMATGES I LES PUGUEU VISIONAR AMB ELS VOSTRES FILLS I FILLES!!<\/span><\/span><\/p>\n<p align=\"JUSTIFY\"><a href=\"https:\/\/photos.google.com\/share\/AF1QipNKd9OUzavFjfJAfpE5KHs-X7TYMrK71uYsZRp7tATgJUNkOCnpIUJefzAE-Rte4Q?key=RjkyVHRsOWU3cjBTZ01Vb0xVZ2dZbk8wa0tMYlZB\" target=\"_blank\"><img loading=\"lazy\" decoding=\"async\" class=\"alignnone\" src=\"https:\/\/lh3.googleusercontent.com\/TZgwZeWln4RrnFXpZvsOL3EvD6IfSz5l_DD2ePSmBzH1ad1mMqQncIZkzlHwRSY49WmZp9EEnNG2IchQ5jtKALu-E3D-G5_p1QWowIsPqkSzqND6kdcyoihm5vE5M8kX0f9pumF1E-wW8o4iyMUIdr0AMTAIKTYR_cHn2Jg-KF6LQikNeEDYqcTbb0qpQ1jBCbpi4jgZUTOo1HPYYal4DIhFKSY0mpn6kXVcq2CqGvZudFURmLNu78nDkLeNF8NtkJZjOab_ZOnn9oHau7_L05Oz5ZCsf8oITtafKh-lx1vT3mCyAW-NHMrY4WwmY2QJJBPQBH9CizGb96A6-rOkoJ59VY2RWz2VIzBJWMp5ajOnkzgSltZ9lH2X0MMHEPPLc8SMB-PIA1Ii2NMRLAs_ql8CvdnoWKJ1NLKNs-_-FrOGosUmdFIIPPgX_mWKeC38EKKqb1Cg0mvl_yqMlTTlC7pZLgk12ePE_QIgPxsuwLUtJ2QS3_9QsbAymoDXNL4amLc0N1bL7q_VNNDyLJ167UwNoCMraqe0ujs1_cm-5EE6yYuAidHf0A9iOnZPGh-Mr2cCY3VDIPJohuMWRzmBPRcZYQwG81TQNrZjBaRzZBgsuC2aAuelmAKAGTNc1KAxvIk5ZfKiAHhZhslqpBtWCXdFtYj6PVWNMonuQZCkLKo=w851-h638-no\" width=\"851\" height=\"638\" \/><\/a><\/p>\n","protected":false},"excerpt":{"rendered":"<p>BENVOLGUDES FAM\u00cdLIES,<br \/>\nA CONTINUACI\u00d3 US FEM CINC C\u00c8NTIMS D\u2019ALL\u00d2 QUE ELS VOSTRES FILLS\/ES HAN ANAT REALITZANT EN ELS RACONS DE TREBALL AL LLARG DEL PRIMER TRIMESTRE.<br \/>\nA TRAV\u00c9S D\u2019AQUESTA MANERA DE FER, NO TANT SOLS TREBALLEN ELS CONCEPTES, LES DESTRESES I LES HABILITATS, ANEM M\u00c9S ENLL\u00c0 PER&hellip;  <a href=\"https:\/\/agora.xtec.cat\/ceiprosercapdevila\/educacio-infantil\/p4-racons-de-treball-1r-trimestre\/\" title=\"Read P4 RACONS DE TREBALL 1r trimestre\">Llegeix m\u00e9s\u00bb<\/a><\/p>\n","protected":false},"author":8,"featured_media":0,"comment_status":"open","ping_status":"open","sticky":false,"template":"","format":"standard","meta":{"_bbp_topic_count":0,"_bbp_reply_count":0,"_bbp_total_topic_count":0,"_bbp_total_reply_count":0,"_bbp_voice_count":0,"_bbp_anonymous_reply_count":0,"_bbp_topic_count_hidden":0,"_bbp_reply_count_hidden":0,"_bbp_forum_subforum_count":0,"footnotes":""},"categories":[62],"tags":[],"class_list":["post-369","post","type-post","status-publish","format-standard","hentry","category-educacio-infantil"],"post_mailing_queue_ids":[],"_links":{"self":[{"href":"https:\/\/agora.xtec.cat\/ceiprosercapdevila\/wp-json\/wp\/v2\/posts\/369","targetHints":{"allow":["GET"]}}],"collection":[{"href":"https:\/\/agora.xtec.cat\/ceiprosercapdevila\/wp-json\/wp\/v2\/posts"}],"about":[{"href":"https:\/\/agora.xtec.cat\/ceiprosercapdevila\/wp-json\/wp\/v2\/types\/post"}],"author":[{"embeddable":true,"href":"https:\/\/agora.xtec.cat\/ceiprosercapdevila\/wp-json\/wp\/v2\/users\/8"}],"replies":[{"embeddable":true,"href":"https:\/\/agora.xtec.cat\/ceiprosercapdevila\/wp-json\/wp\/v2\/comments?post=369"}],"version-history":[{"count":0,"href":"https:\/\/agora.xtec.cat\/ceiprosercapdevila\/wp-json\/wp\/v2\/posts\/369\/revisions"}],"wp:attachment":[{"href":"https:\/\/agora.xtec.cat\/ceiprosercapdevila\/wp-json\/wp\/v2\/media?parent=369"}],"wp:term":[{"taxonomy":"category","embeddable":true,"href":"https:\/\/agora.xtec.cat\/ceiprosercapdevila\/wp-json\/wp\/v2\/categories?post=369"},{"taxonomy":"post_tag","embeddable":true,"href":"https:\/\/agora.xtec.cat\/ceiprosercapdevila\/wp-json\/wp\/v2\/tags?post=369"}],"curies":[{"name":"wp","href":"https:\/\/api.w.org\/{rel}","templated":true}]}}