{"id":337,"date":"2016-12-13T23:11:21","date_gmt":"2016-12-13T22:11:21","guid":{"rendered":"https:\/\/blocs.xtec.cat\/rosercapdevila3\/?p=337"},"modified":"2016-12-13T23:11:21","modified_gmt":"2016-12-13T22:11:21","slug":"tio-2016","status":"publish","type":"post","link":"https:\/\/agora.xtec.cat\/ceiprosercapdevila\/general\/tio-2016\/","title":{"rendered":"Ti\u00f3 2016"},"content":{"rendered":"<p>El passat diumenge, nens, nenes, pares i mares, organitzat per l&#8217;AMPA de l&#8217;escola, van anar a la recerca del Ti\u00f3. I ja el tenim aqu\u00ed un any m\u00e9s!!! Ja sabeu, doneu-li de menjar que, pot ser, la setmana que ve ens cagar\u00e0 alguns regalets!!!<\/p>\n<p><a href=\"https:\/\/goo.gl\/photos\/85utPCwEWJNxTiQbA\" target=\"_blank\"><img loading=\"lazy\" decoding=\"async\" class=\"alignnone\" src=\"https:\/\/lh3.googleusercontent.com\/LKfMqMh9gVX3EMoAClKcbyV7-189vuul5iTB-BC5wdJ-kwg95H04IjuWJlZ1QSbSFMJKC5aDTZALSHprdPcruet9SaYnDlTQrk6x6Bi4s0viPQFwpQ3djmmwh4HfMK5pldmmytoc3oaY0SnytK8TyN8lKxGL-BXc80ymfYK6dRrtl0t9mYoy_DnAFC3FcDL3j6nA0avxnZMqCp1XNMHKeaYxTBuyyO6wCnExgcme_02TWzy-MEEHHXqiXX5J-tL2ohDmRTfNkOmqHVeedFbZEN_MF5ybgMLtoQ6UNJF9RLwCt3RfH4h0Kwe9qURgzif6pVIL_bsuYuIQX321TY4qKp9iMZS2GkTX-MONnRqHs9ON783UyBEyaxGVnHTIIdoZvcZp5qtgxEGDshfAsuYUkTlwead0eP0j8GIo5hHhounx-j4cl9wRisyXthpS3-cUgM2jVdKI10K4E5xXe2E0x2ch2FMpF0OIpH9l6j4LhqaA6MpOeoRNiPurC8PVeG-qWZ0CCYSnJ_49fnPZkwpVr3z-6DmvJOG3dTGCRuNxZInn4ezXgpKfP8zEelVBK6UQU93ft7AWLm47eWz6dyiRUlAdP7cNOvAy3R62gjaGP_oY0TEP1wUqCCRZRptpA_9kE-xuxmGvTSdsQTK2DFfdh7yfVaTxiM3vrc3WWemvpqU=w876-h657-no\" width=\"876\" height=\"657\" \/><\/a><\/p>\n<p>Podeu veure moltes m\u00e9s moltes fotos al <a href=\"https:\/\/www.facebook.com\/pg\/amparosercapdevila\/photos\/?tab=album&amp;album_id=1614765168551633\">facebook de l&#8217;AMPA<\/a>.<\/p>\n","protected":false},"excerpt":{"rendered":"<p>El passat diumenge, nens, nenes, pares i mares, organitzat per l&#8217;AMPA de l&#8217;escola, van anar a la recerca del Ti\u00f3. I ja el tenim aqu\u00ed un any m\u00e9s!!! Ja sabeu, doneu-li de menjar que, pot ser, la setmana que ve ens cagar\u00e0 alguns regalets!!!<br \/>\n<a href=\"https:\/\/goo.gl\/photos\/85utPCwEWJNxTiQbA\"&hellip;  <a href=\"https:\/\/agora.xtec.cat\/ceiprosercapdevila\/general\/tio-2016\/\" title=\"Read Ti\u00f3 2016\">Llegeix m\u00e9s\u00bb<\/a><\/p>\n","protected":false},"author":1,"featured_media":0,"comment_status":"open","ping_status":"open","sticky":false,"template":"","format":"standard","meta":{"_bbp_topic_count":0,"_bbp_reply_count":0,"_bbp_total_topic_count":0,"_bbp_total_reply_count":0,"_bbp_voice_count":0,"_bbp_anonymous_reply_count":0,"_bbp_topic_count_hidden":0,"_bbp_reply_count_hidden":0,"_bbp_forum_subforum_count":0,"footnotes":""},"categories":[1],"tags":[],"class_list":["post-337","post","type-post","status-publish","format-standard","hentry","category-general"],"post_mailing_queue_ids":[],"_links":{"self":[{"href":"https:\/\/agora.xtec.cat\/ceiprosercapdevila\/wp-json\/wp\/v2\/posts\/337","targetHints":{"allow":["GET"]}}],"collection":[{"href":"https:\/\/agora.xtec.cat\/ceiprosercapdevila\/wp-json\/wp\/v2\/posts"}],"about":[{"href":"https:\/\/agora.xtec.cat\/ceiprosercapdevila\/wp-json\/wp\/v2\/types\/post"}],"author":[{"embeddable":true,"href":"https:\/\/agora.xtec.cat\/ceiprosercapdevila\/wp-json\/wp\/v2\/users\/1"}],"replies":[{"embeddable":true,"href":"https:\/\/agora.xtec.cat\/ceiprosercapdevila\/wp-json\/wp\/v2\/comments?post=337"}],"version-history":[{"count":0,"href":"https:\/\/agora.xtec.cat\/ceiprosercapdevila\/wp-json\/wp\/v2\/posts\/337\/revisions"}],"wp:attachment":[{"href":"https:\/\/agora.xtec.cat\/ceiprosercapdevila\/wp-json\/wp\/v2\/media?parent=337"}],"wp:term":[{"taxonomy":"category","embeddable":true,"href":"https:\/\/agora.xtec.cat\/ceiprosercapdevila\/wp-json\/wp\/v2\/categories?post=337"},{"taxonomy":"post_tag","embeddable":true,"href":"https:\/\/agora.xtec.cat\/ceiprosercapdevila\/wp-json\/wp\/v2\/tags?post=337"}],"curies":[{"name":"wp","href":"https:\/\/api.w.org\/{rel}","templated":true}]}}