{"id":239,"date":"2016-12-13T09:58:55","date_gmt":"2016-12-13T08:58:55","guid":{"rendered":"https:\/\/blocs.xtec.cat\/rosercapdevila3\/?p=239"},"modified":"2016-12-13T09:58:55","modified_gmt":"2016-12-13T08:58:55","slug":"3r-sortida-al-cim-daligues","status":"publish","type":"post","link":"https:\/\/agora.xtec.cat\/ceiprosercapdevila\/general\/3r-sortida-al-cim-daligues\/","title":{"rendered":"3r: Sortida al Cim d&#8217;\u00e0ligues"},"content":{"rendered":"<p>El passat mes de novembre els nens i nenes de 3r vam anar a visitar el Cim d&#8217;\u00e0ligues. Va ser molt interessant perqu\u00e8 vam con\u00e8ixer com s\u00f3n i com viuen les aus rapinyaires.<\/p>\n<p>Us deixem unes quantes imatges de la sortida.<\/p>\n<p><a href=\"https:\/\/photos.google.com\/share\/AF1QipNw3Q7NcMOFMjsvvAqBsXRc_ru0ZMHeSGdWFbDOGnLqyyl7Hag1sORVddvcSLvdzA?key=ekNWdm52MVd1LVJJWlFfQVFobkJ0cl8ycDBKdmFB\" target=\"_blank\"><img loading=\"lazy\" decoding=\"async\" class=\"alignnone\" src=\"https:\/\/lh3.googleusercontent.com\/3Dd-ZoTN5l8c7Q1i4pdPCZtpMvDh8jpTo_VxdZWqwpaOB3WzGMhecdaGgoEA2yjWPC2eux6DrqIuOHi5y_kfw_naHmfXp4UomnVJT-eRbdv6D-gzwJxrlpUfTjTGzZUimxOTKHk=w837-h628-no\" width=\"837\" height=\"628\" \/><\/a><\/p>\n<p>&nbsp;<\/p>\n","protected":false},"excerpt":{"rendered":"<p>El passat mes de novembre els nens i nenes de 3r vam anar a visitar el Cim d&#8217;\u00e0ligues. Va ser molt interessant perqu\u00e8 vam con\u00e8ixer com s\u00f3n i com viuen les aus rapinyaires.<br \/>\nUs deixem unes quantes imatges de la sortida.<br \/>\n<a href=\"https:\/\/photos.google.com\/share\/AF1QipNw3Q7NcMOFMjsvvAqBsXRc_ru0ZMHeSGdWFbDOGnLqyyl7Hag1sORVddvcSLvdzA?key=ekNWdm52MVd1LVJJWlFfQVFobkJ0cl8ycDBKdmFB\" target=\"_blank\"><\/a><br \/>\n&nbsp;<\/p>\n","protected":false},"author":4,"featured_media":0,"comment_status":"open","ping_status":"open","sticky":false,"template":"","format":"standard","meta":{"_bbp_topic_count":0,"_bbp_reply_count":0,"_bbp_total_topic_count":0,"_bbp_total_reply_count":0,"_bbp_voice_count":0,"_bbp_anonymous_reply_count":0,"_bbp_topic_count_hidden":0,"_bbp_reply_count_hidden":0,"_bbp_forum_subforum_count":0,"footnotes":""},"categories":[60,1],"tags":[],"class_list":["post-239","post","type-post","status-publish","format-standard","hentry","category-cicle-mitja","category-general"],"post_mailing_queue_ids":[],"_links":{"self":[{"href":"https:\/\/agora.xtec.cat\/ceiprosercapdevila\/wp-json\/wp\/v2\/posts\/239","targetHints":{"allow":["GET"]}}],"collection":[{"href":"https:\/\/agora.xtec.cat\/ceiprosercapdevila\/wp-json\/wp\/v2\/posts"}],"about":[{"href":"https:\/\/agora.xtec.cat\/ceiprosercapdevila\/wp-json\/wp\/v2\/types\/post"}],"author":[{"embeddable":true,"href":"https:\/\/agora.xtec.cat\/ceiprosercapdevila\/wp-json\/wp\/v2\/users\/4"}],"replies":[{"embeddable":true,"href":"https:\/\/agora.xtec.cat\/ceiprosercapdevila\/wp-json\/wp\/v2\/comments?post=239"}],"version-history":[{"count":0,"href":"https:\/\/agora.xtec.cat\/ceiprosercapdevila\/wp-json\/wp\/v2\/posts\/239\/revisions"}],"wp:attachment":[{"href":"https:\/\/agora.xtec.cat\/ceiprosercapdevila\/wp-json\/wp\/v2\/media?parent=239"}],"wp:term":[{"taxonomy":"category","embeddable":true,"href":"https:\/\/agora.xtec.cat\/ceiprosercapdevila\/wp-json\/wp\/v2\/categories?post=239"},{"taxonomy":"post_tag","embeddable":true,"href":"https:\/\/agora.xtec.cat\/ceiprosercapdevila\/wp-json\/wp\/v2\/tags?post=239"}],"curies":[{"name":"wp","href":"https:\/\/api.w.org\/{rel}","templated":true}]}}