{"id":217,"date":"2016-12-12T13:32:41","date_gmt":"2016-12-12T12:32:41","guid":{"rendered":"https:\/\/blocs.xtec.cat\/rosercapdevila3\/?p=217"},"modified":"2016-12-12T13:32:41","modified_gmt":"2016-12-12T12:32:41","slug":"p4-experimentem-capacitat-massa","status":"publish","type":"post","link":"https:\/\/agora.xtec.cat\/ceiprosercapdevila\/educacio-infantil\/p4-experimentem-capacitat-massa\/","title":{"rendered":"P4 EXPERIMENTEM: CAPACITAT MASSA"},"content":{"rendered":"<p align=\"LEFT\"><span style=\"font-size: large;\">HI CAP EL MATEIX? ELS RECIPIENTS I LA SEVA CAPACITAT<\/span><\/p>\n<p align=\"JUSTIFY\"><span style=\"font-size: large;\">En aquesta ocasi\u00f3 experimentem amb diferents materials: sorra del pati, sal grossa, macarrons i boletes flonges i; recipients de diverses mides i capacitats.<\/span><\/p>\n<p align=\"JUSTIFY\"><span style=\"font-size: large;\">Les mestres hem llen\u00e7at a l&#8217;aire diverses preguntes al llarg de les estones d&#8217;experimentaci\u00f3:<\/span><\/p>\n<ul>\n<li>\n<p align=\"JUSTIFY\"><span style=\"font-size: large;\">Hi cap els mateixos macarrons en aquest recipient que en aquest altre?<\/span><\/p>\n<\/li>\n<li>\n<p align=\"JUSTIFY\"><span style=\"font-size: large;\">En quin recipient creieu que hi cabr\u00e0 m\u00e9s sal grossa? Per qu\u00e8?<\/span><\/p>\n<\/li>\n<li>\n<p align=\"JUSTIFY\"><span style=\"font-size: large;\">En quin recipient hi caben menys boletes?<\/span><\/p>\n<\/li>\n<li>\n<p align=\"JUSTIFY\"><span style=\"font-size: large;\">Com est\u00e0 el recipient de sorra? (ple o buit)?<\/span><\/p>\n<\/li>\n<\/ul>\n<p align=\"JUSTIFY\"><span style=\"font-size: large;\">Els infants han fet les seves hip\u00f2tesis i ho han comprovat &#8230;.<\/span><\/p>\n<p align=\"JUSTIFY\"><span style=\"font-size: large;\">En ocasions ens hem quedat bocabadats!!!! un recipient per m\u00e9s alt que sigui no vol dir que hi pugui caber m\u00e9s coses que en un que sigui m\u00e9s baix (amb una base m\u00e9s ample).<\/span><\/p>\n<p align=\"JUSTIFY\"><span style=\"font-size: large;\">No tot \u00e9s el que sembla oi?!<\/span><\/p>\n<p align=\"JUSTIFY\"><a href=\"https:\/\/goo.gl\/photos\/wx5XnF1aPe3xWyvk7\" target=\"_blank\"><img loading=\"lazy\" decoding=\"async\" class=\"alignnone\" src=\"https:\/\/lh3.googleusercontent.com\/xxuc08EC5iaC_SLpBnmPQN4kvljovJ8524gSVJTEPoQ0OZq9ALyHXBBVnhNiR4imE9EiTh-kWRA0xdgk4gkYzJyPdo82nnZ8R8_eCcFE7O0DMQUVB4DM1-QHIoWkElxRHA9-JdezcW7I3U11TxbDXJFcgFJMxofj98QYtl5-Qgv-C4EqYs1jSP7KW8QHQ1u_2tL9lL53_t9RmeClOAH8t6abjakUntPId0anOru-Z3aAwz-wgU3f-sYqJibx0Fl74ug-_tkGovOlOF1sqf2FaOpc3qmA8VxwpxlIVCx78XH8g3jISuHL929tJRF0S3FReBI86zDBXQEtWIg3gPpHQZTl7UqVKWvrcHKMJ8SktQxUZ5BCfyIcuvGDp9_Hwzew5_RRfGnR_2owYbTkna6IBZ3FVnARlWYVElTVi6W7DZlTeAPCpB68qnHiIZWo97EouYMDJybXg-NaCqCMjSFZPCgpiAcgHMsoUyVClpRpMR8aXwcNBSDNg9rJL20bA17rKv59BbHblrJMi87ng722J3aFHek0u3cptfNellIAYU0oKr0IGYGZKrQ2DyKXVaUc11VppclIKtHo9ZP6TLI-Dmg5_Vr6JZlaxm__-2yJGlaVr0MrVX0NMw=w850-h638-no\" width=\"850\" height=\"638\" \/><\/a><\/p>\n","protected":false},"excerpt":{"rendered":"<p>HI CAP EL MATEIX? ELS RECIPIENTS I LA SEVA CAPACITAT<br \/>\nEn aquesta ocasi\u00f3 experimentem amb diferents materials: sorra del pati, sal grossa, macarrons i boletes flonges i; recipients de diverses mides i capacitats.<br \/>\nLes mestres hem llen\u00e7at a l&#8217;aire diverses preguntes al llarg de les estones d&#8217;experimentaci\u00f3:<\/p>\n<ul>\n<li>\nHi&hellip;  <a href=\"https:\/\/agora.xtec.cat\/ceiprosercapdevila\/educacio-infantil\/p4-experimentem-capacitat-massa\/\" title=\"Read P4 EXPERIMENTEM: CAPACITAT MASSA\">Llegeix m\u00e9s\u00bb<\/a><\/p>\n","protected":false},"author":8,"featured_media":0,"comment_status":"open","ping_status":"open","sticky":false,"template":"","format":"standard","meta":{"_bbp_topic_count":0,"_bbp_reply_count":0,"_bbp_total_topic_count":0,"_bbp_total_reply_count":0,"_bbp_voice_count":0,"_bbp_anonymous_reply_count":0,"_bbp_topic_count_hidden":0,"_bbp_reply_count_hidden":0,"_bbp_forum_subforum_count":0,"footnotes":""},"categories":[62],"tags":[],"class_list":["post-217","post","type-post","status-publish","format-standard","hentry","category-educacio-infantil"],"post_mailing_queue_ids":[],"_links":{"self":[{"href":"https:\/\/agora.xtec.cat\/ceiprosercapdevila\/wp-json\/wp\/v2\/posts\/217","targetHints":{"allow":["GET"]}}],"collection":[{"href":"https:\/\/agora.xtec.cat\/ceiprosercapdevila\/wp-json\/wp\/v2\/posts"}],"about":[{"href":"https:\/\/agora.xtec.cat\/ceiprosercapdevila\/wp-json\/wp\/v2\/types\/post"}],"author":[{"embeddable":true,"href":"https:\/\/agora.xtec.cat\/ceiprosercapdevila\/wp-json\/wp\/v2\/users\/8"}],"replies":[{"embeddable":true,"href":"https:\/\/agora.xtec.cat\/ceiprosercapdevila\/wp-json\/wp\/v2\/comments?post=217"}],"version-history":[{"count":0,"href":"https:\/\/agora.xtec.cat\/ceiprosercapdevila\/wp-json\/wp\/v2\/posts\/217\/revisions"}],"wp:attachment":[{"href":"https:\/\/agora.xtec.cat\/ceiprosercapdevila\/wp-json\/wp\/v2\/media?parent=217"}],"wp:term":[{"taxonomy":"category","embeddable":true,"href":"https:\/\/agora.xtec.cat\/ceiprosercapdevila\/wp-json\/wp\/v2\/categories?post=217"},{"taxonomy":"post_tag","embeddable":true,"href":"https:\/\/agora.xtec.cat\/ceiprosercapdevila\/wp-json\/wp\/v2\/tags?post=217"}],"curies":[{"name":"wp","href":"https:\/\/api.w.org\/{rel}","templated":true}]}}