{"id":215,"date":"2016-12-12T13:17:45","date_gmt":"2016-12-12T12:17:45","guid":{"rendered":"https:\/\/blocs.xtec.cat\/rosercapdevila3\/?p=215"},"modified":"2016-12-12T13:17:45","modified_gmt":"2016-12-12T12:17:45","slug":"p4-mesurem-2","status":"publish","type":"post","link":"https:\/\/agora.xtec.cat\/ceiprosercapdevila\/educacio-infantil\/p4-mesurem-2\/","title":{"rendered":"P4 MESUREM"},"content":{"rendered":"<p align=\"JUSTIFY\"><span style=\"font-size: large;\">Equatorians i Sudanesos encuriosits pels Camells i Llames que treballem en el nostre projecte volem fer-nos \u201cuna idea\u201d de la seva al\u00e7ada amb caixes, peces, cadires, taules, &#8230;. <\/span><\/p>\n<p align=\"JUSTIFY\"><span style=\"font-size: large;\">Els nens i nenes pensen i decideixen quins materials apilar per arribar a l\u2019al\u00e7ada que fa l\u2019animal, ens hi posem, per\u00f2, &#8230;. arriba un moment que trobem dificultats per continuar i busquen solucions (pujar a una cadira, a una taula, apilar peces primer i despr\u00e9s col.locar-les, &#8230;..) <\/span><\/p>\n<p align=\"JUSTIFY\"><span style=\"font-size: large;\">Entre tots i totes ho aconseguim. Comptem quantes caixes i peces hem necessitat, qu\u00e8 i com ho hem fet per col.locar-ho. <\/span><\/p>\n<p align=\"JUSTIFY\"><span style=\"font-size: large;\">Altres en comptes d\u2019apilar objectes han optat per buscar maneres d\u2019arribar amb les mans, &#8230; \u201cde puntetes potser arribem!!\u201d (cadires, cadires m\u00e9s grans, tauleta, taula m\u00e9s gran, &#8230; <\/span><span style=\"font-size: large;\"><b>sempre amb la supervisi\u00f3 de la mestra<\/b><\/span><span style=\"font-size: large;\">)<\/span><\/p>\n<p align=\"JUSTIFY\"><span style=\"font-size: large;\">Mesurar \u00e9s divertit! Aix\u00ed que ens animem i ens mesurem nosaltres mateixos. Apilem caixes fins arribar a la nostra al\u00e7ada, comptem quantes n&#8217;hem necessitat i conversem vers qui mesura m\u00e9s o menys capses, trobem igualtats, &#8230;<\/span><\/p>\n<p align=\"JUSTIFY\"><a href=\"https:\/\/photos.google.com\/share\/AF1QipM021-mpkRjrbPdhT9HX72eBmUTCp_VBIblQeawqRk8QcQdcgO2SNiYj5syKKymeQ?key=c1p6Nk9aaGtXNzRuQ2kySWRQeVcxajhiVklDOVp3\" target=\"_blank\"><img loading=\"lazy\" decoding=\"async\" class=\"alignnone\" src=\"https:\/\/lh3.googleusercontent.com\/2OUzj8XxILBt8nuOm3R6awR__gbv12ziDfOOBVYsAmIDWwMColWrwKp5-CR-QCe6PkA4-EWsb3ciJTTgsHDj2dEte8jCGZ9BHyy0E_XICSmpRgRPdnwGtIAKTu7QEidnijn5g7Q=w495-h659-no\" width=\"494\" height=\"659\" \/><\/a><\/p>\n","protected":false},"excerpt":{"rendered":"<p>Equatorians i Sudanesos encuriosits pels Camells i Llames que treballem en el nostre projecte volem fer-nos \u201cuna idea\u201d de la seva al\u00e7ada amb caixes, peces, cadires, taules, &#8230;.<br \/>\nEls nens i nenes pensen i decideixen quins materials apilar per arribar a l\u2019al\u00e7ada que fa l\u2019animal,&hellip;  <a href=\"https:\/\/agora.xtec.cat\/ceiprosercapdevila\/educacio-infantil\/p4-mesurem-2\/\" title=\"Read P4 MESUREM\">Llegeix m\u00e9s\u00bb<\/a><\/p>\n","protected":false},"author":8,"featured_media":0,"comment_status":"open","ping_status":"open","sticky":false,"template":"","format":"standard","meta":{"_bbp_topic_count":0,"_bbp_reply_count":0,"_bbp_total_topic_count":0,"_bbp_total_reply_count":0,"_bbp_voice_count":0,"_bbp_anonymous_reply_count":0,"_bbp_topic_count_hidden":0,"_bbp_reply_count_hidden":0,"_bbp_forum_subforum_count":0,"footnotes":""},"categories":[62],"tags":[],"class_list":["post-215","post","type-post","status-publish","format-standard","hentry","category-educacio-infantil"],"post_mailing_queue_ids":[],"_links":{"self":[{"href":"https:\/\/agora.xtec.cat\/ceiprosercapdevila\/wp-json\/wp\/v2\/posts\/215","targetHints":{"allow":["GET"]}}],"collection":[{"href":"https:\/\/agora.xtec.cat\/ceiprosercapdevila\/wp-json\/wp\/v2\/posts"}],"about":[{"href":"https:\/\/agora.xtec.cat\/ceiprosercapdevila\/wp-json\/wp\/v2\/types\/post"}],"author":[{"embeddable":true,"href":"https:\/\/agora.xtec.cat\/ceiprosercapdevila\/wp-json\/wp\/v2\/users\/8"}],"replies":[{"embeddable":true,"href":"https:\/\/agora.xtec.cat\/ceiprosercapdevila\/wp-json\/wp\/v2\/comments?post=215"}],"version-history":[{"count":0,"href":"https:\/\/agora.xtec.cat\/ceiprosercapdevila\/wp-json\/wp\/v2\/posts\/215\/revisions"}],"wp:attachment":[{"href":"https:\/\/agora.xtec.cat\/ceiprosercapdevila\/wp-json\/wp\/v2\/media?parent=215"}],"wp:term":[{"taxonomy":"category","embeddable":true,"href":"https:\/\/agora.xtec.cat\/ceiprosercapdevila\/wp-json\/wp\/v2\/categories?post=215"},{"taxonomy":"post_tag","embeddable":true,"href":"https:\/\/agora.xtec.cat\/ceiprosercapdevila\/wp-json\/wp\/v2\/tags?post=215"}],"curies":[{"name":"wp","href":"https:\/\/api.w.org\/{rel}","templated":true}]}}