{"id":210,"date":"2016-12-12T13:04:13","date_gmt":"2016-12-12T12:04:13","guid":{"rendered":"https:\/\/blocs.xtec.cat\/rosercapdevila3\/?p=210"},"modified":"2016-12-12T13:04:13","modified_gmt":"2016-12-12T12:04:13","slug":"p4-mesurem","status":"publish","type":"post","link":"https:\/\/agora.xtec.cat\/ceiprosercapdevila\/educacio-infantil\/p4-mesurem\/","title":{"rendered":"P4 EXPERIMENTACI\u00d3: FRUITS CARNOSOS, LUPES I BALANCES"},"content":{"rendered":"<p>Equatorians i Sudanesos fem un pas m\u00e9s enll\u00e0! Observem internament els fruits carnosos que la tardor ens proporciona i juguem amb ells a les balances.<\/p>\n<p><strong><u>Comentaris:<\/u><\/strong> Les figues tenen \u201cpepitas\u201d molt petites!!, els caquis semblen tom\u00e0quets, les magranes tenen boletes, &#8230;.<\/p>\n<p>Juguem amb les balances i observem com baixa una safata i l\u2019altre puja segons el qu\u00e8 hi posem. Intentem compensar-les per tal d\u2019equilibrar-ho i la manera m\u00e9s senzilla segons els infants \u00e9s posar els fruits m\u00e9s grossos, per\u00f2 &#8230;. no sempre \u00e9s aix\u00ed!!!!!!!!!!<\/p>\n<p><strong>Un exemple:<\/strong>Una carbassa i dos figues per un costat, qu\u00e8 hi podr\u00edem posar per equilibrar? Segons els nens i nenes el mateix, passem a l\u2019acci\u00f3 i &#8230;. noooooooooooooooooo encara no!!!! <strong>Finalment aconseguim equilibrar-ho, qu\u00e8 hi hem posat en les dues safates?<\/strong><\/p>\n<p>1 carbassa i 2 figues\u00a0 &#8212;&#8212;&#8212;&#8212;&#8212;&#8212;&#8212;&#8212; 1 carbassa i 5 figues<\/p>\n<p><em><u>no totes les carbasses pesen igual<\/u><\/em><\/p>\n<p>En acabar, convidem a tothom a tastar els fruits carnosos. N\u2019 hi ha que no volen, altres ho proven i altres &#8230;. nyam nyam!! No deixarien ni la pell!!<\/p>\n<p><a href=\"https:\/\/photos.google.com\/share\/AF1QipPs-ESCdKKsYx8wmO9wmodTewEcWwj0brei6s4yxuDDriNNcdRukBF64kPjhV9Dig?key=QzlieWRsbURfSVZDUDhKanU3VV95TE91V0toM0xR\" target=\"_blank\"><img loading=\"lazy\" decoding=\"async\" class=\"alignnone\" src=\"https:\/\/lh3.googleusercontent.com\/g4N2C5sakzZfeGaLWpuKZuxphFw9Acd8o5y_wAM646QvH2KLiIa454KImmCgIne-hNGfOm93hnQx8SZTgX9jH96xVIH314xQZwOCNnLFIKMiFGtApip9GtX1LGNjbrU-bLn0LuWAz9MiLO2egScOrXBPSdtpgC04TsRzPHlNGtQFHSJoin-qVYCc-ZhaItWjpZewEQJq1ZSP4otayjdU8-iykTMERAHFCRuDJWGizn_WqoaVp1eLVYPuhFnd1SBtKfAOCcubS_Yv6ho7XcAFF1JF3Te1_E-qikWIPavtq49RpjnvbAUxEDld6XVCJRm7HVMHotlTK758SWkpEbq45ivrsWh42nFsmE9zTNiJeUUyW2jrKMVVWhnVdbsyESByw-Apmc9yUoOsE0aqhX6IIPSvDYxFxpOxjbxoG7l0QHHWtEQwcH4IijR_50qvLWA-JWQ6EbxoChgEx3rmTJKYYSajZbYYjtBYU19sjpXfyV7pI7_lHw3OK8EvC5FsYYF1aSi0PsY_lvj40bWrJIaQLaIsbr9SifaO1DZ8hZgnl4OoPO2fjXOpjVi-WSJcZb0gQfaZ6HwojXjzeUO6EhFnYrmPtZ10Vhaxh6I1zw2VKRuxfLPiCtbRdeKFzX10N3UdX6teygz0vMQR5FsIJl7uHF0s9aRbEmCcO68tV6LbqtA=w878-h659-no\" width=\"878\" height=\"659\" \/><\/a><\/p>\n","protected":false},"excerpt":{"rendered":"<p>Equatorians i Sudanesos fem un pas m\u00e9s enll\u00e0! Observem internament els fruits carnosos que la tardor ens proporciona i juguem amb ells a les balances.<br \/>\nComentaris: Les figues tenen \u201cpepitas\u201d molt petites!!, els caquis semblen tom\u00e0quets, les magranes tenen boletes, &#8230;.<br \/>\nJuguem amb les balances i observem&hellip;  <a href=\"https:\/\/agora.xtec.cat\/ceiprosercapdevila\/educacio-infantil\/p4-mesurem\/\" title=\"Read P4 EXPERIMENTACI\u00d3: FRUITS CARNOSOS, LUPES I BALANCES\">Llegeix m\u00e9s\u00bb<\/a><\/p>\n","protected":false},"author":8,"featured_media":0,"comment_status":"open","ping_status":"open","sticky":false,"template":"","format":"standard","meta":{"_bbp_topic_count":0,"_bbp_reply_count":0,"_bbp_total_topic_count":0,"_bbp_total_reply_count":0,"_bbp_voice_count":0,"_bbp_anonymous_reply_count":0,"_bbp_topic_count_hidden":0,"_bbp_reply_count_hidden":0,"_bbp_forum_subforum_count":0,"footnotes":""},"categories":[62],"tags":[],"class_list":["post-210","post","type-post","status-publish","format-standard","hentry","category-educacio-infantil"],"post_mailing_queue_ids":[],"_links":{"self":[{"href":"https:\/\/agora.xtec.cat\/ceiprosercapdevila\/wp-json\/wp\/v2\/posts\/210","targetHints":{"allow":["GET"]}}],"collection":[{"href":"https:\/\/agora.xtec.cat\/ceiprosercapdevila\/wp-json\/wp\/v2\/posts"}],"about":[{"href":"https:\/\/agora.xtec.cat\/ceiprosercapdevila\/wp-json\/wp\/v2\/types\/post"}],"author":[{"embeddable":true,"href":"https:\/\/agora.xtec.cat\/ceiprosercapdevila\/wp-json\/wp\/v2\/users\/8"}],"replies":[{"embeddable":true,"href":"https:\/\/agora.xtec.cat\/ceiprosercapdevila\/wp-json\/wp\/v2\/comments?post=210"}],"version-history":[{"count":0,"href":"https:\/\/agora.xtec.cat\/ceiprosercapdevila\/wp-json\/wp\/v2\/posts\/210\/revisions"}],"wp:attachment":[{"href":"https:\/\/agora.xtec.cat\/ceiprosercapdevila\/wp-json\/wp\/v2\/media?parent=210"}],"wp:term":[{"taxonomy":"category","embeddable":true,"href":"https:\/\/agora.xtec.cat\/ceiprosercapdevila\/wp-json\/wp\/v2\/categories?post=210"},{"taxonomy":"post_tag","embeddable":true,"href":"https:\/\/agora.xtec.cat\/ceiprosercapdevila\/wp-json\/wp\/v2\/tags?post=210"}],"curies":[{"name":"wp","href":"https:\/\/api.w.org\/{rel}","templated":true}]}}