{"id":16,"date":"2016-11-23T20:18:14","date_gmt":"2016-11-23T19:18:14","guid":{"rendered":"https:\/\/blocs.xtec.cat\/rosercapdevila3\/?p=16"},"modified":"2016-11-23T20:18:14","modified_gmt":"2016-11-23T19:18:14","slug":"llibre-dinsectes","status":"publish","type":"post","link":"https:\/\/agora.xtec.cat\/ceiprosercapdevila\/educacio-infantil\/llibre-dinsectes\/","title":{"rendered":"Llibre d&#8217;insectes"},"content":{"rendered":"<p><span lang=\"CA\" style=\"margin: 0px; font-family: 'Comic Sans MS'; font-size: 18pt;\"><span style=\"color: #000000;\">Com ja heu anat veient P5 ja hem comen\u00e7at a treballar a l\u2019hort.<\/span><\/span><\/p>\n<p><span lang=\"CA\" style=\"margin: 0px; font-family: 'Comic Sans MS'; font-size: 18pt;\"><span style=\"color: #000000;\">Als egipcis i eg\u00edpcies ens ha fascinat els insectes que ens trobem cada vegada que hi anem. Aix\u00ed doncs hem comen\u00e7at el nostre recull d\u2019insectes, fem les fotos nosaltres mateixos i entre tots anem escrivint els seus noms.<\/span><\/span><\/p>\n<p><span lang=\"CA\" style=\"margin: 0px; font-family: 'Comic Sans MS'; font-size: 18pt;\"><span style=\"color: #000000;\">Quan no l\u2019hem sapigut hem investigat..o us hem demanat ajuda!<\/span><\/span><\/p>\n<p><span lang=\"CA\" style=\"margin: 0px; font-family: 'Comic Sans MS'; font-size: 18pt;\"><span style=\"color: #000000;\">Moltes gr\u00e0cies! Us animem a que ens ajudeu a fer cr\u00e8ixer el nostre petit llibre d\u2019insectes.<\/span><\/span><\/p>\n\n","protected":false},"excerpt":{"rendered":"<p>Com ja heu anat veient P5 ja hem comen\u00e7at a treballar a l\u2019hort.<br \/>\nAls egipcis i eg\u00edpcies ens ha fascinat els insectes que ens trobem cada vegada que hi anem. Aix\u00ed doncs hem comen\u00e7at el nostre recull d\u2019insectes, fem les fotos nosaltres mateixos i entre tots&hellip;  <a href=\"https:\/\/agora.xtec.cat\/ceiprosercapdevila\/educacio-infantil\/llibre-dinsectes\/\" title=\"Read Llibre d&#8217;insectes\">Llegeix m\u00e9s\u00bb<\/a><\/p>\n","protected":false},"author":21,"featured_media":0,"comment_status":"open","ping_status":"open","sticky":false,"template":"","format":"standard","meta":{"_bbp_topic_count":0,"_bbp_reply_count":0,"_bbp_total_topic_count":0,"_bbp_total_reply_count":0,"_bbp_voice_count":0,"_bbp_anonymous_reply_count":0,"_bbp_topic_count_hidden":0,"_bbp_reply_count_hidden":0,"_bbp_forum_subforum_count":0,"footnotes":""},"categories":[62],"tags":[],"class_list":["post-16","post","type-post","status-publish","format-standard","hentry","category-educacio-infantil"],"post_mailing_queue_ids":[],"_links":{"self":[{"href":"https:\/\/agora.xtec.cat\/ceiprosercapdevila\/wp-json\/wp\/v2\/posts\/16","targetHints":{"allow":["GET"]}}],"collection":[{"href":"https:\/\/agora.xtec.cat\/ceiprosercapdevila\/wp-json\/wp\/v2\/posts"}],"about":[{"href":"https:\/\/agora.xtec.cat\/ceiprosercapdevila\/wp-json\/wp\/v2\/types\/post"}],"author":[{"embeddable":true,"href":"https:\/\/agora.xtec.cat\/ceiprosercapdevila\/wp-json\/wp\/v2\/users\/21"}],"replies":[{"embeddable":true,"href":"https:\/\/agora.xtec.cat\/ceiprosercapdevila\/wp-json\/wp\/v2\/comments?post=16"}],"version-history":[{"count":0,"href":"https:\/\/agora.xtec.cat\/ceiprosercapdevila\/wp-json\/wp\/v2\/posts\/16\/revisions"}],"wp:attachment":[{"href":"https:\/\/agora.xtec.cat\/ceiprosercapdevila\/wp-json\/wp\/v2\/media?parent=16"}],"wp:term":[{"taxonomy":"category","embeddable":true,"href":"https:\/\/agora.xtec.cat\/ceiprosercapdevila\/wp-json\/wp\/v2\/categories?post=16"},{"taxonomy":"post_tag","embeddable":true,"href":"https:\/\/agora.xtec.cat\/ceiprosercapdevila\/wp-json\/wp\/v2\/tags?post=16"}],"curies":[{"name":"wp","href":"https:\/\/api.w.org\/{rel}","templated":true}]}}