{"id":5578,"date":"2026-04-20T13:37:19","date_gmt":"2026-04-20T11:37:19","guid":{"rendered":"https:\/\/agora.xtec.cat\/ceiprosasensat-reus\/?p=5578"},"modified":"2026-04-20T13:37:19","modified_gmt":"2026-04-20T11:37:19","slug":"visitem-el-centre-civic-mas-abello-3","status":"publish","type":"post","link":"https:\/\/agora.xtec.cat\/ceiprosasensat-reus\/general\/visitem-el-centre-civic-mas-abello-3\/","title":{"rendered":"VISITEM EL CENTRE C\u00cdVIC MAS ABELL\u00d3"},"content":{"rendered":"<p>Els infants d\u2019I5 i de 1r hem anat d\u2019excursi\u00f3 al Centre C\u00edvic Mas Abell\u00f3 per gaudir d\u2019una estona molt especial escoltant contes\u00a0<img decoding=\"async\" class=\"an1\" draggable=\"false\" src=\"https:\/\/fonts.gstatic.com\/s\/e\/notoemoji\/17.0\/1f4da\/72.png\" alt=\"\ud83d\udcda\" data-emoji=\"\ud83d\udcda\" aria-label=\"\ud83d\udcda\" \/><img decoding=\"async\" class=\"an1\" draggable=\"false\" src=\"https:\/\/fonts.gstatic.com\/s\/e\/notoemoji\/17.0\/2728\/72.png\" alt=\"\u2728\" data-emoji=\"\u2728\" aria-label=\"\u2728\" \/><\/p>\n<p>Hem deixat volar la imaginaci\u00f3 amb hist\u00f2ries plenes de m\u00e0gia i aventures, i despr\u00e9s ens hem convertit en artistes fent papirofl\u00e8xia\u00a0<img decoding=\"async\" class=\"an1\" draggable=\"false\" src=\"https:\/\/fonts.gstatic.com\/s\/e\/notoemoji\/17.0\/1f98b\/72.png\" alt=\"\ud83e\udd8b\" data-emoji=\"\ud83e\udd8b\" aria-label=\"\ud83e\udd8b\" \/><img decoding=\"async\" class=\"an1\" draggable=\"false\" src=\"https:\/\/fonts.gstatic.com\/s\/e\/notoemoji\/17.0\/2702_fe0f\/72.png\" alt=\"\u2702\ufe0f\" data-emoji=\"\u2702\ufe0f\" aria-label=\"\u2702\ufe0f\" \/>\u00a0Ha estat tot un repte i ens han quedat unes corones precioses!<\/p>\n<p>Per acabar la sortida, hem passat per la paradeta de Sant Jordi\u00a0<img decoding=\"async\" class=\"an1\" draggable=\"false\" src=\"https:\/\/fonts.gstatic.com\/s\/e\/notoemoji\/17.0\/1f339\/72.png\" alt=\"\ud83c\udf39\" data-emoji=\"\ud83c\udf39\" aria-label=\"\ud83c\udf39\" \/><img decoding=\"async\" class=\"an1\" draggable=\"false\" src=\"https:\/\/fonts.gstatic.com\/s\/e\/notoemoji\/17.0\/1f4d6\/72.png\" alt=\"\ud83d\udcd6\" data-emoji=\"\ud83d\udcd6\" aria-label=\"\ud83d\udcd6\" \/>, on ens han regalat un conte per a cadasc\u00fa. No podem estar m\u00e9s contents!<\/p>\n<p>Ha estat un mat\u00ed fant\u00e0stic, ple de cultura, creativitat i somriures\u00a0<img decoding=\"async\" class=\"an1\" draggable=\"false\" src=\"https:\/\/fonts.gstatic.com\/s\/e\/notoemoji\/17.0\/1f60a\/72.png\" alt=\"\ud83d\ude0a\" data-emoji=\"\ud83d\ude0a\" aria-label=\"\ud83d\ude0a\" \/><\/p>\n<p style=\"text-align: center;\"><strong><em><a href=\"https:\/\/drive.google.com\/drive\/folders\/1xarWLfwjyXkc5LWn81aYr1vzELikRaMc?usp=sharing\" target=\"_blank\" rel=\"noopener\">CLICA PER VEURE LES FOTOS<\/a><\/em><\/strong><br \/>\n<a href=\"https:\/\/agora.xtec.cat\/ceiprosasensat-reus\/wp-content\/uploads\/usu1718\/2026\/04\/84cdfcc5-32a1-4c2e-90f9-1fd804526f51.jpg\"><img loading=\"lazy\" decoding=\"async\" class=\"alignnone size-thumbnail wp-image-5579\" src=\"https:\/\/agora.xtec.cat\/ceiprosasensat-reus\/wp-content\/uploads\/usu1718\/2026\/04\/84cdfcc5-32a1-4c2e-90f9-1fd804526f51-150x150.jpg\" alt=\"\" width=\"150\" height=\"150\" \/><\/a><\/p>\n<p><!--a=1--><\/p>\n","protected":false},"excerpt":{"rendered":"<p>Els infants d\u2019I5 i de 1r hem anat d\u2019excursi\u00f3 al Centre C\u00edvic Mas Abell\u00f3 per gaudir d\u2019una estona molt especial escoltant contes\u00a0<br \/>\nHem deixat volar la imaginaci\u00f3 amb hist\u00f2ries plenes de m\u00e0gia i aventures, i despr\u00e9s ens hem convertit en artistes fent papirofl\u00e8xia\u00a0\u00a0Ha estat tot un&hellip;  <a href=\"https:\/\/agora.xtec.cat\/ceiprosasensat-reus\/general\/visitem-el-centre-civic-mas-abello-3\/\" title=\"Read VISITEM EL CENTRE C\u00cdVIC MAS ABELL\u00d3\">Llegeix m\u00e9s\u00bb<\/a><\/p>\n","protected":false},"author":1,"featured_media":5579,"comment_status":"closed","ping_status":"closed","sticky":false,"template":"","format":"standard","meta":{"_bbp_topic_count":0,"_bbp_reply_count":0,"_bbp_total_topic_count":0,"_bbp_total_reply_count":0,"_bbp_voice_count":0,"_bbp_anonymous_reply_count":0,"_bbp_topic_count_hidden":0,"_bbp_reply_count_hidden":0,"_bbp_forum_subforum_count":0,"footnotes":""},"categories":[10,107,1,9,2,4,5],"tags":[],"class_list":["post-5578","post","type-post","status-publish","format-standard","has-post-thumbnail","hentry","category-1r","category-curs-2025-26","category-general","category-p5","category-infantil","category-portada","category-primaria"],"post_mailing_queue_ids":[],"_links":{"self":[{"href":"https:\/\/agora.xtec.cat\/ceiprosasensat-reus\/wp-json\/wp\/v2\/posts\/5578","targetHints":{"allow":["GET"]}}],"collection":[{"href":"https:\/\/agora.xtec.cat\/ceiprosasensat-reus\/wp-json\/wp\/v2\/posts"}],"about":[{"href":"https:\/\/agora.xtec.cat\/ceiprosasensat-reus\/wp-json\/wp\/v2\/types\/post"}],"author":[{"embeddable":true,"href":"https:\/\/agora.xtec.cat\/ceiprosasensat-reus\/wp-json\/wp\/v2\/users\/1"}],"replies":[{"embeddable":true,"href":"https:\/\/agora.xtec.cat\/ceiprosasensat-reus\/wp-json\/wp\/v2\/comments?post=5578"}],"version-history":[{"count":1,"href":"https:\/\/agora.xtec.cat\/ceiprosasensat-reus\/wp-json\/wp\/v2\/posts\/5578\/revisions"}],"predecessor-version":[{"id":5580,"href":"https:\/\/agora.xtec.cat\/ceiprosasensat-reus\/wp-json\/wp\/v2\/posts\/5578\/revisions\/5580"}],"wp:featuredmedia":[{"embeddable":true,"href":"https:\/\/agora.xtec.cat\/ceiprosasensat-reus\/wp-json\/wp\/v2\/media\/5579"}],"wp:attachment":[{"href":"https:\/\/agora.xtec.cat\/ceiprosasensat-reus\/wp-json\/wp\/v2\/media?parent=5578"}],"wp:term":[{"taxonomy":"category","embeddable":true,"href":"https:\/\/agora.xtec.cat\/ceiprosasensat-reus\/wp-json\/wp\/v2\/categories?post=5578"},{"taxonomy":"post_tag","embeddable":true,"href":"https:\/\/agora.xtec.cat\/ceiprosasensat-reus\/wp-json\/wp\/v2\/tags?post=5578"}],"curies":[{"name":"wp","href":"https:\/\/api.w.org\/{rel}","templated":true}]}}