{"id":5568,"date":"2026-04-16T09:22:12","date_gmt":"2026-04-16T07:22:12","guid":{"rendered":"https:\/\/agora.xtec.cat\/ceiprosasensat-reus\/?p=5568"},"modified":"2026-04-16T12:18:23","modified_gmt":"2026-04-16T10:18:23","slug":"aprenem-amb-material-manipulatiu-propi","status":"publish","type":"post","link":"https:\/\/agora.xtec.cat\/ceiprosasensat-reus\/general\/aprenem-amb-material-manipulatiu-propi\/","title":{"rendered":"APRENEM AMB MATERIAL MANIPULATIU PROPI"},"content":{"rendered":"<p>L&#8217;alumnat de cinqu\u00e8 estem treballant els pol\u00edgons i els prismes amb material manipulatiu que hem confeccionat nosaltres mateixos gr\u00e0cies a la talladora l\u00e0ser i la impressora 3D. D&#8217;aquesta manera podem tocar i experimentar amb les pr\u00f2pies mans les arestes, els v\u00e8rtexs, les bases i les cares laterals de cada figura i no nom\u00e9s veure-ho sobre el paper. Aquestes figures les hem impr\u00e8s a l&#8217;escola gr\u00e0cies al maquinari que l&#8217;escola va adquirir a trav\u00e9s del projecte &#8220;c\u00f3digo 4.0&#8221;.<\/p>\n<p style=\"text-align: center;\"><a href=\"https:\/\/drive.google.com\/drive\/folders\/1IINMj6EilmwICIa5ZLGWWOVnXic3_22O?usp=sharing\" target=\"_blank\" rel=\"noopener\">CLICA PER VEURE LES FOTOS<\/a><br \/>\n<a href=\"https:\/\/agora.xtec.cat\/ceiprosasensat-reus\/wp-content\/uploads\/usu1718\/2026\/04\/WhatsApp-Image-2026-04-16-at-09.15.11-2.jpeg\"><img loading=\"lazy\" decoding=\"async\" class=\"alignnone size-thumbnail wp-image-5569\" src=\"https:\/\/agora.xtec.cat\/ceiprosasensat-reus\/wp-content\/uploads\/usu1718\/2026\/04\/WhatsApp-Image-2026-04-16-at-09.15.11-2-150x150.jpeg\" alt=\"\" width=\"150\" height=\"150\" \/><\/a><\/p>\n<p><!--a=1--><\/p>\n<p><!--a=1--><\/p>\n","protected":false},"excerpt":{"rendered":"<p>L&#8217;alumnat de cinqu\u00e8 estem treballant els pol\u00edgons i els prismes amb material manipulatiu que hem confeccionat nosaltres mateixos gr\u00e0cies a la talladora l\u00e0ser i la impressora 3D. D&#8217;aquesta manera podem tocar i experimentar amb les pr\u00f2pies mans les arestes, els v\u00e8rtexs, les bases i les&hellip;  <a href=\"https:\/\/agora.xtec.cat\/ceiprosasensat-reus\/general\/aprenem-amb-material-manipulatiu-propi\/\" title=\"Read APRENEM AMB MATERIAL MANIPULATIU PROPI\">Llegeix m\u00e9s\u00bb<\/a><\/p>\n","protected":false},"author":1,"featured_media":5569,"comment_status":"closed","ping_status":"closed","sticky":false,"template":"","format":"standard","meta":{"_bbp_topic_count":0,"_bbp_reply_count":0,"_bbp_total_topic_count":0,"_bbp_total_reply_count":0,"_bbp_voice_count":0,"_bbp_anonymous_reply_count":0,"_bbp_topic_count_hidden":0,"_bbp_reply_count_hidden":0,"_bbp_forum_subforum_count":0,"footnotes":""},"categories":[14,65,107,1,4,5],"tags":[110],"class_list":["post-5568","post","type-post","status-publish","format-standard","has-post-thumbnail","hentry","category-5e","category-competencia-digital","category-curs-2025-26","category-general","category-portada","category-primaria","tag-aula-maker"],"post_mailing_queue_ids":[],"_links":{"self":[{"href":"https:\/\/agora.xtec.cat\/ceiprosasensat-reus\/wp-json\/wp\/v2\/posts\/5568","targetHints":{"allow":["GET"]}}],"collection":[{"href":"https:\/\/agora.xtec.cat\/ceiprosasensat-reus\/wp-json\/wp\/v2\/posts"}],"about":[{"href":"https:\/\/agora.xtec.cat\/ceiprosasensat-reus\/wp-json\/wp\/v2\/types\/post"}],"author":[{"embeddable":true,"href":"https:\/\/agora.xtec.cat\/ceiprosasensat-reus\/wp-json\/wp\/v2\/users\/1"}],"replies":[{"embeddable":true,"href":"https:\/\/agora.xtec.cat\/ceiprosasensat-reus\/wp-json\/wp\/v2\/comments?post=5568"}],"version-history":[{"count":2,"href":"https:\/\/agora.xtec.cat\/ceiprosasensat-reus\/wp-json\/wp\/v2\/posts\/5568\/revisions"}],"predecessor-version":[{"id":5577,"href":"https:\/\/agora.xtec.cat\/ceiprosasensat-reus\/wp-json\/wp\/v2\/posts\/5568\/revisions\/5577"}],"wp:featuredmedia":[{"embeddable":true,"href":"https:\/\/agora.xtec.cat\/ceiprosasensat-reus\/wp-json\/wp\/v2\/media\/5569"}],"wp:attachment":[{"href":"https:\/\/agora.xtec.cat\/ceiprosasensat-reus\/wp-json\/wp\/v2\/media?parent=5568"}],"wp:term":[{"taxonomy":"category","embeddable":true,"href":"https:\/\/agora.xtec.cat\/ceiprosasensat-reus\/wp-json\/wp\/v2\/categories?post=5568"},{"taxonomy":"post_tag","embeddable":true,"href":"https:\/\/agora.xtec.cat\/ceiprosasensat-reus\/wp-json\/wp\/v2\/tags?post=5568"}],"curies":[{"name":"wp","href":"https:\/\/api.w.org\/{rel}","templated":true}]}}