{"id":6860,"date":"2022-02-25T07:01:15","date_gmt":"2022-02-25T06:01:15","guid":{"rendered":"https:\/\/agora.xtec.cat\/ceiprocafonda\/?p=6860"},"modified":"2022-02-25T07:01:15","modified_gmt":"2022-02-25T06:01:15","slug":"dates-de-la-preinscripcio-i-matricula","status":"publish","type":"post","link":"https:\/\/agora.xtec.cat\/ceiprocafonda\/general\/dates-de-la-preinscripcio-i-matricula\/","title":{"rendered":"Dates de la preinscripci\u00f3 i matr\u00edcula"},"content":{"rendered":"<p>Les dates de <strong>preinscripci\u00f3<\/strong> pel curs 2022-2023 s\u00f3n:<\/p>\n<p>\ud83d\udcc5 A l\u2019Educaci\u00f3 infantil i prim\u00e0ria: entre el <strong>7 i el 21<\/strong> de mar\u00e7.<\/p>\n<p><a href=\"https:\/\/agora.xtec.cat\/ceiprocafonda\/wp-content\/uploads\/usu416\/2022\/02\/IMG_20220225_062317.jpg\"><img loading=\"lazy\" decoding=\"async\" class=\"alignnone size-large wp-image-6861\" src=\"https:\/\/agora.xtec.cat\/ceiprocafonda\/wp-content\/uploads\/usu416\/2022\/02\/IMG_20220225_062317-1024x511.jpg\" alt=\"\" width=\"1024\" height=\"511\" srcset=\"https:\/\/agora.xtec.cat\/ceiprocafonda\/wp-content\/uploads\/usu416\/2022\/02\/IMG_20220225_062317-1024x511.jpg 1024w, https:\/\/agora.xtec.cat\/ceiprocafonda\/wp-content\/uploads\/usu416\/2022\/02\/IMG_20220225_062317-300x150.jpg 300w, https:\/\/agora.xtec.cat\/ceiprocafonda\/wp-content\/uploads\/usu416\/2022\/02\/IMG_20220225_062317-768x384.jpg 768w, https:\/\/agora.xtec.cat\/ceiprocafonda\/wp-content\/uploads\/usu416\/2022\/02\/IMG_20220225_062317-1536x767.jpg 1536w, https:\/\/agora.xtec.cat\/ceiprocafonda\/wp-content\/uploads\/usu416\/2022\/02\/IMG_20220225_062317.jpg 1600w\" sizes=\"auto, (max-width: 1024px) 100vw, 1024px\" \/><\/a><\/p>\n<p>Les dates de la <strong>matriculaci\u00f3<\/strong> s\u00f3n:<\/p>\n<p><img decoding=\"async\" class=\"an1\" src=\"https:\/\/fonts.gstatic.com\/s\/e\/notoemoji\/14.0\/1f4c5\/32.png\" alt=\"\ud83d\udcc5\" data-emoji=\"\ud83d\udcc5\" aria-label=\"\ud83d\udcc5\" \/> D\u2019Infantil 3: del <strong>21 al 29<\/strong> de juny.<\/p>\n<p><a href=\"https:\/\/preinscripcio.gencat.cat\/ca\/inici\">Preinscripci\u00f3. Preinscripci\u00f3 (gencat.cat)<\/a><\/p>\n","protected":false},"excerpt":{"rendered":"<p>Les dates de preinscripci\u00f3 pel curs 2022-2023 s\u00f3n: \ud83d\udcc5 A l\u2019Educaci\u00f3 infantil i prim\u00e0ria: entre el 7 i el 21 de mar\u00e7. Les dates de la matriculaci\u00f3 s\u00f3n: D\u2019Infantil 3: del 21 al 29 de juny. Preinscripci\u00f3. Preinscripci\u00f3 (gencat.cat)<\/p>\n","protected":false},"author":1,"featured_media":0,"comment_status":"open","ping_status":"closed","sticky":false,"template":"","format":"standard","meta":{"_bbp_topic_count":0,"_bbp_reply_count":0,"_bbp_total_topic_count":0,"_bbp_total_reply_count":0,"_bbp_voice_count":0,"_bbp_anonymous_reply_count":0,"_bbp_topic_count_hidden":0,"_bbp_reply_count_hidden":0,"_bbp_forum_subforum_count":0,"site-sidebar-layout":"default","site-content-layout":"","ast-site-content-layout":"","site-content-style":"default","site-sidebar-style":"default","ast-global-header-display":"","ast-banner-title-visibility":"","ast-main-header-display":"","ast-hfb-above-header-display":"","ast-hfb-below-header-display":"","ast-hfb-mobile-header-display":"","site-post-title":"","ast-breadcrumbs-content":"","ast-featured-img":"","footer-sml-layout":"","theme-transparent-header-meta":"","adv-header-id-meta":"","stick-header-meta":"","header-above-stick-meta":"","header-main-stick-meta":"","header-below-stick-meta":"","astra-migrate-meta-layouts":"default","ast-page-background-enabled":"default","ast-page-background-meta":{"desktop":{"background-color":"var(--ast-global-color-4)","background-image":"","background-repeat":"repeat","background-position":"center center","background-size":"auto","background-attachment":"scroll","background-type":"","background-media":"","overlay-type":"","overlay-color":"","overlay-opacity":"","overlay-gradient":""},"tablet":{"background-color":"","background-image":"","background-repeat":"repeat","background-position":"center center","background-size":"auto","background-attachment":"scroll","background-type":"","background-media":"","overlay-type":"","overlay-color":"","overlay-opacity":"","overlay-gradient":""},"mobile":{"background-color":"","background-image":"","background-repeat":"repeat","background-position":"center center","background-size":"auto","background-attachment":"scroll","background-type":"","background-media":"","overlay-type":"","overlay-color":"","overlay-opacity":"","overlay-gradient":""}},"ast-content-background-meta":{"desktop":{"background-color":"var(--ast-global-color-5)","background-image":"","background-repeat":"repeat","background-position":"center center","background-size":"auto","background-attachment":"scroll","background-type":"","background-media":"","overlay-type":"","overlay-color":"","overlay-opacity":"","overlay-gradient":""},"tablet":{"background-color":"var(--ast-global-color-5)","background-image":"","background-repeat":"repeat","background-position":"center center","background-size":"auto","background-attachment":"scroll","background-type":"","background-media":"","overlay-type":"","overlay-color":"","overlay-opacity":"","overlay-gradient":""},"mobile":{"background-color":"var(--ast-global-color-5)","background-image":"","background-repeat":"repeat","background-position":"center center","background-size":"auto","background-attachment":"scroll","background-type":"","background-media":"","overlay-type":"","overlay-color":"","overlay-opacity":"","overlay-gradient":""}},"footnotes":""},"categories":[2,80,1,100,81,4],"tags":[],"class_list":["post-6860","post","type-post","status-publish","format-standard","hentry","category-infantil","category-educacio-primaria","category-general","category-i3","category-nivells","category-portada"],"post_mailing_queue_ids":[],"_links":{"self":[{"href":"https:\/\/agora.xtec.cat\/ceiprocafonda\/wp-json\/wp\/v2\/posts\/6860","targetHints":{"allow":["GET"]}}],"collection":[{"href":"https:\/\/agora.xtec.cat\/ceiprocafonda\/wp-json\/wp\/v2\/posts"}],"about":[{"href":"https:\/\/agora.xtec.cat\/ceiprocafonda\/wp-json\/wp\/v2\/types\/post"}],"author":[{"embeddable":true,"href":"https:\/\/agora.xtec.cat\/ceiprocafonda\/wp-json\/wp\/v2\/users\/1"}],"replies":[{"embeddable":true,"href":"https:\/\/agora.xtec.cat\/ceiprocafonda\/wp-json\/wp\/v2\/comments?post=6860"}],"version-history":[{"count":1,"href":"https:\/\/agora.xtec.cat\/ceiprocafonda\/wp-json\/wp\/v2\/posts\/6860\/revisions"}],"predecessor-version":[{"id":6862,"href":"https:\/\/agora.xtec.cat\/ceiprocafonda\/wp-json\/wp\/v2\/posts\/6860\/revisions\/6862"}],"wp:attachment":[{"href":"https:\/\/agora.xtec.cat\/ceiprocafonda\/wp-json\/wp\/v2\/media?parent=6860"}],"wp:term":[{"taxonomy":"category","embeddable":true,"href":"https:\/\/agora.xtec.cat\/ceiprocafonda\/wp-json\/wp\/v2\/categories?post=6860"},{"taxonomy":"post_tag","embeddable":true,"href":"https:\/\/agora.xtec.cat\/ceiprocafonda\/wp-json\/wp\/v2\/tags?post=6860"}],"curies":[{"name":"wp","href":"https:\/\/api.w.org\/{rel}","templated":true}]}}