{"id":6803,"date":"2022-02-23T07:00:52","date_gmt":"2022-02-23T06:00:52","guid":{"rendered":"https:\/\/agora.xtec.cat\/ceiprocafonda\/?p=6803"},"modified":"2022-02-23T07:00:52","modified_gmt":"2022-02-23T06:00:52","slug":"els-patis-de-lescola","status":"publish","type":"post","link":"https:\/\/agora.xtec.cat\/ceiprocafonda\/general\/els-patis-de-lescola\/","title":{"rendered":"Els patis de l&#8217;escola!"},"content":{"rendered":"<p>Pati infantil<\/p>\n<div><span id=\"m_-1724969400195991993gmail-docs-internal-guid-2add07fb-7fff-488f-0a5c-3385f4ff3348\">El pati de l\u2019escola \u00e9s l\u2019espai de lleure principal al que tenen acc\u00e9s els infants durant la jornada escolar, un espai de joc, de moviment, de relacions socials, de descobriments, experiments i d\u2019aprenentatges. En definitiva; el pati \u00e9s un espai de lleure educatiu que cal cuidar i aprofitar.<\/span><\/div>\n<div>\n<div class=\"ast-oembed-container \" style=\"height: 100%;\"><iframe loading=\"lazy\" title=\"Fotos pati infantil\" width=\"500\" height=\"281\" src=\"https:\/\/www.youtube.com\/embed\/_brRJWkPqLw?feature=oembed\" frameborder=\"0\" allow=\"accelerometer; autoplay; clipboard-write; encrypted-media; gyroscope; picture-in-picture; web-share\" referrerpolicy=\"strict-origin-when-cross-origin\" allowfullscreen><\/iframe><\/div>\n<div>Pat\u00ed prim\u00e0ria<\/div>\n<div><\/div>\n<div><span id=\"m_-1724969400195991993gmail-docs-internal-guid-5d66c44d-7fff-0a36-304c-5ea476357807\">Els alumnes de prim\u00e0ria quan sortim al pati gaudim de molts tipus de jocs i activitats:jocs de circ i malabars, jocs tradicionals, jocs amb pilotes,\u00a0 jocs de taula, exploraci\u00f3 i investigaci\u00f3 al bosc, equilibris amb slacklines i xanques\u2026 Si t\u2019hi passes segur que ens trobes amb un gran somriure!<\/span><\/div>\n<div>\n<div class=\"ast-oembed-container \" style=\"height: 100%;\"><iframe loading=\"lazy\" title=\"Pati Superior&amp;mitjans\" width=\"500\" height=\"281\" src=\"https:\/\/www.youtube.com\/embed\/kdb2Y_nUZds?feature=oembed\" frameborder=\"0\" allow=\"accelerometer; autoplay; clipboard-write; encrypted-media; gyroscope; picture-in-picture; web-share\" referrerpolicy=\"strict-origin-when-cross-origin\" allowfullscreen><\/iframe><\/div>\n<\/div>\n<\/div>\n","protected":false},"excerpt":{"rendered":"<p>Pati infantil El pati de l\u2019escola \u00e9s l\u2019espai de lleure principal al que tenen acc\u00e9s els infants durant la jornada escolar, un espai de joc, de moviment, de relacions socials, de descobriments, experiments i d\u2019aprenentatges. En definitiva; el pati \u00e9s un espai de lleure educatiu que cal cuidar i aprofitar. Pat\u00ed prim\u00e0ria Els alumnes de [&hellip;]<\/p>\n","protected":false},"author":1,"featured_media":0,"comment_status":"open","ping_status":"closed","sticky":false,"template":"","format":"standard","meta":{"_bbp_topic_count":0,"_bbp_reply_count":0,"_bbp_total_topic_count":0,"_bbp_total_reply_count":0,"_bbp_voice_count":0,"_bbp_anonymous_reply_count":0,"_bbp_topic_count_hidden":0,"_bbp_reply_count_hidden":0,"_bbp_forum_subforum_count":0,"site-sidebar-layout":"default","site-content-layout":"","ast-site-content-layout":"","site-content-style":"default","site-sidebar-style":"default","ast-global-header-display":"","ast-banner-title-visibility":"","ast-main-header-display":"","ast-hfb-above-header-display":"","ast-hfb-below-header-display":"","ast-hfb-mobile-header-display":"","site-post-title":"","ast-breadcrumbs-content":"","ast-featured-img":"","footer-sml-layout":"","theme-transparent-header-meta":"","adv-header-id-meta":"","stick-header-meta":"","header-above-stick-meta":"","header-main-stick-meta":"","header-below-stick-meta":"","astra-migrate-meta-layouts":"default","ast-page-background-enabled":"default","ast-page-background-meta":{"desktop":{"background-color":"var(--ast-global-color-4)","background-image":"","background-repeat":"repeat","background-position":"center center","background-size":"auto","background-attachment":"scroll","background-type":"","background-media":"","overlay-type":"","overlay-color":"","overlay-opacity":"","overlay-gradient":""},"tablet":{"background-color":"","background-image":"","background-repeat":"repeat","background-position":"center center","background-size":"auto","background-attachment":"scroll","background-type":"","background-media":"","overlay-type":"","overlay-color":"","overlay-opacity":"","overlay-gradient":""},"mobile":{"background-color":"","background-image":"","background-repeat":"repeat","background-position":"center center","background-size":"auto","background-attachment":"scroll","background-type":"","background-media":"","overlay-type":"","overlay-color":"","overlay-opacity":"","overlay-gradient":""}},"ast-content-background-meta":{"desktop":{"background-color":"var(--ast-global-color-5)","background-image":"","background-repeat":"repeat","background-position":"center center","background-size":"auto","background-attachment":"scroll","background-type":"","background-media":"","overlay-type":"","overlay-color":"","overlay-opacity":"","overlay-gradient":""},"tablet":{"background-color":"var(--ast-global-color-5)","background-image":"","background-repeat":"repeat","background-position":"center center","background-size":"auto","background-attachment":"scroll","background-type":"","background-media":"","overlay-type":"","overlay-color":"","overlay-opacity":"","overlay-gradient":""},"mobile":{"background-color":"var(--ast-global-color-5)","background-image":"","background-repeat":"repeat","background-position":"center center","background-size":"auto","background-attachment":"scroll","background-type":"","background-media":"","overlay-type":"","overlay-color":"","overlay-opacity":"","overlay-gradient":""}},"footnotes":""},"categories":[2,80,1,81,4],"tags":[],"class_list":["post-6803","post","type-post","status-publish","format-standard","hentry","category-infantil","category-educacio-primaria","category-general","category-nivells","category-portada"],"post_mailing_queue_ids":[],"_links":{"self":[{"href":"https:\/\/agora.xtec.cat\/ceiprocafonda\/wp-json\/wp\/v2\/posts\/6803","targetHints":{"allow":["GET"]}}],"collection":[{"href":"https:\/\/agora.xtec.cat\/ceiprocafonda\/wp-json\/wp\/v2\/posts"}],"about":[{"href":"https:\/\/agora.xtec.cat\/ceiprocafonda\/wp-json\/wp\/v2\/types\/post"}],"author":[{"embeddable":true,"href":"https:\/\/agora.xtec.cat\/ceiprocafonda\/wp-json\/wp\/v2\/users\/1"}],"replies":[{"embeddable":true,"href":"https:\/\/agora.xtec.cat\/ceiprocafonda\/wp-json\/wp\/v2\/comments?post=6803"}],"version-history":[{"count":1,"href":"https:\/\/agora.xtec.cat\/ceiprocafonda\/wp-json\/wp\/v2\/posts\/6803\/revisions"}],"predecessor-version":[{"id":6804,"href":"https:\/\/agora.xtec.cat\/ceiprocafonda\/wp-json\/wp\/v2\/posts\/6803\/revisions\/6804"}],"wp:attachment":[{"href":"https:\/\/agora.xtec.cat\/ceiprocafonda\/wp-json\/wp\/v2\/media?parent=6803"}],"wp:term":[{"taxonomy":"category","embeddable":true,"href":"https:\/\/agora.xtec.cat\/ceiprocafonda\/wp-json\/wp\/v2\/categories?post=6803"},{"taxonomy":"post_tag","embeddable":true,"href":"https:\/\/agora.xtec.cat\/ceiprocafonda\/wp-json\/wp\/v2\/tags?post=6803"}],"curies":[{"name":"wp","href":"https:\/\/api.w.org\/{rel}","templated":true}]}}