{"id":6734,"date":"2022-02-20T06:37:57","date_gmt":"2022-02-20T05:37:57","guid":{"rendered":"https:\/\/agora.xtec.cat\/ceiprocafonda\/?p=6734"},"modified":"2022-02-20T06:37:57","modified_gmt":"2022-02-20T05:37:57","slug":"teatre-a-lescola-4","status":"publish","type":"post","link":"https:\/\/agora.xtec.cat\/ceiprocafonda\/general\/teatre-a-lescola-4\/","title":{"rendered":"Teatre a l&#8217;escola"},"content":{"rendered":"<p style=\"font-weight: 400;\">Des de fa molts anys el nostre centre s\u2019ha caracteritzat per creure que el teatre \u00e9s un excel\u00b7lent recurs per\u00a0<strong>millorar l\u2019aprenentatge competencial<\/strong>\u00a0del nostre alumnat.<\/p>\n<p style=\"font-weight: 400;\">El teatre, amb totes les seves variants (joc dram\u00e0tic, improvisaci\u00f3, teatre llegit\u2026) esdev\u00e9 una eina per a la formaci\u00f3 integral de l\u2019alumne i, per tant, tamb\u00e9 de l\u2019aprenentatge i adquisici\u00f3 de la llengua, desenvolupa la creativitat, \u00e9s un desinhibidor, millora les relacions socials, ajuda a expressar les emocions i sentiments, etc. \u00c9s per aix\u00f2 que des de l\u2019@escolaRocafonda apostem per l\u2019aprenentatge d\u2019aquesta disciplina de P3 fins a 6\u00e8.<\/p>\n<div class=\"ast-oembed-container \" style=\"height: 100%;\"><iframe loading=\"lazy\" title=\"Video teatre\" width=\"500\" height=\"281\" src=\"https:\/\/www.youtube.com\/embed\/DIO7stIguik?feature=oembed\" frameborder=\"0\" allow=\"accelerometer; autoplay; clipboard-write; encrypted-media; gyroscope; picture-in-picture; web-share\" referrerpolicy=\"strict-origin-when-cross-origin\" allowfullscreen><\/iframe><\/div>\n","protected":false},"excerpt":{"rendered":"<p>Des de fa molts anys el nostre centre s\u2019ha caracteritzat per creure que el teatre \u00e9s un excel\u00b7lent recurs per\u00a0millorar l\u2019aprenentatge competencial\u00a0del nostre alumnat. El teatre, amb totes les seves variants (joc dram\u00e0tic, improvisaci\u00f3, teatre llegit\u2026) esdev\u00e9 una eina per a la formaci\u00f3 integral de l\u2019alumne i, per tant, tamb\u00e9 de l\u2019aprenentatge i adquisici\u00f3 de [&hellip;]<\/p>\n","protected":false},"author":1,"featured_media":0,"comment_status":"open","ping_status":"closed","sticky":false,"template":"","format":"standard","meta":{"_bbp_topic_count":0,"_bbp_reply_count":0,"_bbp_total_topic_count":0,"_bbp_total_reply_count":0,"_bbp_voice_count":0,"_bbp_anonymous_reply_count":0,"_bbp_topic_count_hidden":0,"_bbp_reply_count_hidden":0,"_bbp_forum_subforum_count":0,"site-sidebar-layout":"default","site-content-layout":"","ast-site-content-layout":"","site-content-style":"default","site-sidebar-style":"default","ast-global-header-display":"","ast-banner-title-visibility":"","ast-main-header-display":"","ast-hfb-above-header-display":"","ast-hfb-below-header-display":"","ast-hfb-mobile-header-display":"","site-post-title":"","ast-breadcrumbs-content":"","ast-featured-img":"","footer-sml-layout":"","theme-transparent-header-meta":"","adv-header-id-meta":"","stick-header-meta":"","header-above-stick-meta":"","header-main-stick-meta":"","header-below-stick-meta":"","astra-migrate-meta-layouts":"default","ast-page-background-enabled":"default","ast-page-background-meta":{"desktop":{"background-color":"var(--ast-global-color-4)","background-image":"","background-repeat":"repeat","background-position":"center center","background-size":"auto","background-attachment":"scroll","background-type":"","background-media":"","overlay-type":"","overlay-color":"","overlay-opacity":"","overlay-gradient":""},"tablet":{"background-color":"","background-image":"","background-repeat":"repeat","background-position":"center center","background-size":"auto","background-attachment":"scroll","background-type":"","background-media":"","overlay-type":"","overlay-color":"","overlay-opacity":"","overlay-gradient":""},"mobile":{"background-color":"","background-image":"","background-repeat":"repeat","background-position":"center center","background-size":"auto","background-attachment":"scroll","background-type":"","background-media":"","overlay-type":"","overlay-color":"","overlay-opacity":"","overlay-gradient":""}},"ast-content-background-meta":{"desktop":{"background-color":"var(--ast-global-color-5)","background-image":"","background-repeat":"repeat","background-position":"center center","background-size":"auto","background-attachment":"scroll","background-type":"","background-media":"","overlay-type":"","overlay-color":"","overlay-opacity":"","overlay-gradient":""},"tablet":{"background-color":"var(--ast-global-color-5)","background-image":"","background-repeat":"repeat","background-position":"center center","background-size":"auto","background-attachment":"scroll","background-type":"","background-media":"","overlay-type":"","overlay-color":"","overlay-opacity":"","overlay-gradient":""},"mobile":{"background-color":"var(--ast-global-color-5)","background-image":"","background-repeat":"repeat","background-position":"center center","background-size":"auto","background-attachment":"scroll","background-type":"","background-media":"","overlay-type":"","overlay-color":"","overlay-opacity":"","overlay-gradient":""}},"footnotes":""},"categories":[2,80,1,82,81,4],"tags":[],"class_list":["post-6734","post","type-post","status-publish","format-standard","hentry","category-infantil","category-educacio-primaria","category-general","category-musica-art-i-teatre","category-nivells","category-portada"],"post_mailing_queue_ids":[],"_links":{"self":[{"href":"https:\/\/agora.xtec.cat\/ceiprocafonda\/wp-json\/wp\/v2\/posts\/6734","targetHints":{"allow":["GET"]}}],"collection":[{"href":"https:\/\/agora.xtec.cat\/ceiprocafonda\/wp-json\/wp\/v2\/posts"}],"about":[{"href":"https:\/\/agora.xtec.cat\/ceiprocafonda\/wp-json\/wp\/v2\/types\/post"}],"author":[{"embeddable":true,"href":"https:\/\/agora.xtec.cat\/ceiprocafonda\/wp-json\/wp\/v2\/users\/1"}],"replies":[{"embeddable":true,"href":"https:\/\/agora.xtec.cat\/ceiprocafonda\/wp-json\/wp\/v2\/comments?post=6734"}],"version-history":[{"count":1,"href":"https:\/\/agora.xtec.cat\/ceiprocafonda\/wp-json\/wp\/v2\/posts\/6734\/revisions"}],"predecessor-version":[{"id":6735,"href":"https:\/\/agora.xtec.cat\/ceiprocafonda\/wp-json\/wp\/v2\/posts\/6734\/revisions\/6735"}],"wp:attachment":[{"href":"https:\/\/agora.xtec.cat\/ceiprocafonda\/wp-json\/wp\/v2\/media?parent=6734"}],"wp:term":[{"taxonomy":"category","embeddable":true,"href":"https:\/\/agora.xtec.cat\/ceiprocafonda\/wp-json\/wp\/v2\/categories?post=6734"},{"taxonomy":"post_tag","embeddable":true,"href":"https:\/\/agora.xtec.cat\/ceiprocafonda\/wp-json\/wp\/v2\/tags?post=6734"}],"curies":[{"name":"wp","href":"https:\/\/api.w.org\/{rel}","templated":true}]}}