{"id":6470,"date":"2022-02-10T05:47:46","date_gmt":"2022-02-10T04:47:46","guid":{"rendered":"https:\/\/agora.xtec.cat\/ceiprocafonda\/?p=6470"},"modified":"2022-02-10T05:49:22","modified_gmt":"2022-02-10T04:49:22","slug":"els-nostres-projectes-3","status":"publish","type":"post","link":"https:\/\/agora.xtec.cat\/ceiprocafonda\/general\/els-nostres-projectes-3\/","title":{"rendered":"Els nostres projectes"},"content":{"rendered":"<p>A la nostra escola portem a terme diversos <strong>PROJECTES PEDAG\u00d2GICS<\/strong> que ens identifiquen i que entre tots ens fan \u00fanics. \u00c9s per aix\u00f2 que hem preparat una infografia on, de forma resumida, els podreu con\u00e8ixer. Si en voleu m\u00e9s informaci\u00f3, us els podem explicar els dies<strong> 18 i 20 de febrer<\/strong> a la jornada de portes obertes.<\/p>\n<p><a href=\"https:\/\/agora.xtec.cat\/ceiprocafonda\/wp-content\/uploads\/usu416\/2021\/02\/ELS-NOSTRES-PROJECTES.pdf\"><img loading=\"lazy\" decoding=\"async\" class=\"alignnone size-large wp-image-6471\" src=\"https:\/\/agora.xtec.cat\/ceiprocafonda\/wp-content\/uploads\/usu416\/2022\/02\/1615139748673_ELS-NOSTRES-PROJECTES_1-410x1024.jpg\" alt=\"\" width=\"410\" height=\"1024\" srcset=\"https:\/\/agora.xtec.cat\/ceiprocafonda\/wp-content\/uploads\/usu416\/2022\/02\/1615139748673_ELS-NOSTRES-PROJECTES_1-410x1024.jpg 410w, https:\/\/agora.xtec.cat\/ceiprocafonda\/wp-content\/uploads\/usu416\/2022\/02\/1615139748673_ELS-NOSTRES-PROJECTES_1-120x300.jpg 120w, https:\/\/agora.xtec.cat\/ceiprocafonda\/wp-content\/uploads\/usu416\/2022\/02\/1615139748673_ELS-NOSTRES-PROJECTES_1.jpg 718w\" sizes=\"auto, (max-width: 410px) 100vw, 410px\" \/><\/a><\/p>\n<p>&nbsp;<\/p>\n","protected":false},"excerpt":{"rendered":"<p>A la nostra escola portem a terme diversos PROJECTES PEDAG\u00d2GICS que ens identifiquen i que entre tots ens fan \u00fanics. \u00c9s per aix\u00f2 que hem preparat una infografia on, de forma resumida, els podreu con\u00e8ixer. Si en voleu m\u00e9s informaci\u00f3, us els podem explicar els dies 18 i 20 de febrer a la jornada de [&hellip;]<\/p>\n","protected":false},"author":1,"featured_media":0,"comment_status":"open","ping_status":"closed","sticky":false,"template":"","format":"standard","meta":{"_bbp_topic_count":0,"_bbp_reply_count":0,"_bbp_total_topic_count":0,"_bbp_total_reply_count":0,"_bbp_voice_count":0,"_bbp_anonymous_reply_count":0,"_bbp_topic_count_hidden":0,"_bbp_reply_count_hidden":0,"_bbp_forum_subforum_count":0,"site-sidebar-layout":"default","site-content-layout":"","ast-site-content-layout":"","site-content-style":"default","site-sidebar-style":"default","ast-global-header-display":"","ast-banner-title-visibility":"","ast-main-header-display":"","ast-hfb-above-header-display":"","ast-hfb-below-header-display":"","ast-hfb-mobile-header-display":"","site-post-title":"","ast-breadcrumbs-content":"","ast-featured-img":"","footer-sml-layout":"","theme-transparent-header-meta":"","adv-header-id-meta":"","stick-header-meta":"","header-above-stick-meta":"","header-main-stick-meta":"","header-below-stick-meta":"","astra-migrate-meta-layouts":"default","ast-page-background-enabled":"default","ast-page-background-meta":{"desktop":{"background-color":"var(--ast-global-color-4)","background-image":"","background-repeat":"repeat","background-position":"center center","background-size":"auto","background-attachment":"scroll","background-type":"","background-media":"","overlay-type":"","overlay-color":"","overlay-opacity":"","overlay-gradient":""},"tablet":{"background-color":"","background-image":"","background-repeat":"repeat","background-position":"center center","background-size":"auto","background-attachment":"scroll","background-type":"","background-media":"","overlay-type":"","overlay-color":"","overlay-opacity":"","overlay-gradient":""},"mobile":{"background-color":"","background-image":"","background-repeat":"repeat","background-position":"center center","background-size":"auto","background-attachment":"scroll","background-type":"","background-media":"","overlay-type":"","overlay-color":"","overlay-opacity":"","overlay-gradient":""}},"ast-content-background-meta":{"desktop":{"background-color":"var(--ast-global-color-5)","background-image":"","background-repeat":"repeat","background-position":"center center","background-size":"auto","background-attachment":"scroll","background-type":"","background-media":"","overlay-type":"","overlay-color":"","overlay-opacity":"","overlay-gradient":""},"tablet":{"background-color":"var(--ast-global-color-5)","background-image":"","background-repeat":"repeat","background-position":"center center","background-size":"auto","background-attachment":"scroll","background-type":"","background-media":"","overlay-type":"","overlay-color":"","overlay-opacity":"","overlay-gradient":""},"mobile":{"background-color":"var(--ast-global-color-5)","background-image":"","background-repeat":"repeat","background-position":"center center","background-size":"auto","background-attachment":"scroll","background-type":"","background-media":"","overlay-type":"","overlay-color":"","overlay-opacity":"","overlay-gradient":""}},"footnotes":""},"categories":[2,80,1,81,4],"tags":[],"class_list":["post-6470","post","type-post","status-publish","format-standard","hentry","category-infantil","category-educacio-primaria","category-general","category-nivells","category-portada"],"post_mailing_queue_ids":[],"_links":{"self":[{"href":"https:\/\/agora.xtec.cat\/ceiprocafonda\/wp-json\/wp\/v2\/posts\/6470","targetHints":{"allow":["GET"]}}],"collection":[{"href":"https:\/\/agora.xtec.cat\/ceiprocafonda\/wp-json\/wp\/v2\/posts"}],"about":[{"href":"https:\/\/agora.xtec.cat\/ceiprocafonda\/wp-json\/wp\/v2\/types\/post"}],"author":[{"embeddable":true,"href":"https:\/\/agora.xtec.cat\/ceiprocafonda\/wp-json\/wp\/v2\/users\/1"}],"replies":[{"embeddable":true,"href":"https:\/\/agora.xtec.cat\/ceiprocafonda\/wp-json\/wp\/v2\/comments?post=6470"}],"version-history":[{"count":3,"href":"https:\/\/agora.xtec.cat\/ceiprocafonda\/wp-json\/wp\/v2\/posts\/6470\/revisions"}],"predecessor-version":[{"id":6474,"href":"https:\/\/agora.xtec.cat\/ceiprocafonda\/wp-json\/wp\/v2\/posts\/6470\/revisions\/6474"}],"wp:attachment":[{"href":"https:\/\/agora.xtec.cat\/ceiprocafonda\/wp-json\/wp\/v2\/media?parent=6470"}],"wp:term":[{"taxonomy":"category","embeddable":true,"href":"https:\/\/agora.xtec.cat\/ceiprocafonda\/wp-json\/wp\/v2\/categories?post=6470"},{"taxonomy":"post_tag","embeddable":true,"href":"https:\/\/agora.xtec.cat\/ceiprocafonda\/wp-json\/wp\/v2\/tags?post=6470"}],"curies":[{"name":"wp","href":"https:\/\/api.w.org\/{rel}","templated":true}]}}