{"id":6293,"date":"2022-01-30T10:05:16","date_gmt":"2022-01-30T09:05:16","guid":{"rendered":"https:\/\/agora.xtec.cat\/ceiprocafonda\/?p=6293"},"modified":"2022-01-30T10:05:16","modified_gmt":"2022-01-30T09:05:16","slug":"portes-obertes-18-i-20-de-febrer","status":"publish","type":"post","link":"https:\/\/agora.xtec.cat\/ceiprocafonda\/general\/portes-obertes-18-i-20-de-febrer\/","title":{"rendered":"Portes obertes 18 i 20 de febrer"},"content":{"rendered":"<p>Som conscients que la tria d&#8217;escola \u00e9s un moment molt important i que genera molts dubtes i preguntes, sobretot en els moments actuals. \u00c9s per aix\u00f2 que, us animem a venir a coneixe&#8217;ns a les portes obertes presencials dels dies\u00a0<b>18 i 20 de febrer<\/b>, demanant cita pr\u00e8via:<\/p>\n<p>trucant al<img decoding=\"async\" class=\"an1\" src=\"https:\/\/fonts.gstatic.com\/s\/e\/notoemoji\/14.0\/1f4f1\/32.png\" alt=\"\ud83d\udcf1\" data-emoji=\"\ud83d\udcf1\" aria-label=\"\ud83d\udcf1\" \/>\u00a0tel\u00e8fon 93. 790.37.51,<\/p>\n<p>enviant un\u00a0<img decoding=\"async\" class=\"an1\" src=\"https:\/\/fonts.gstatic.com\/s\/e\/notoemoji\/14.0\/1f4bb\/32.png\" alt=\"\ud83d\udcbb\" data-emoji=\"\ud83d\udcbb\" aria-label=\"\ud83d\udcbb\" \/>correu electr\u00f2nic\u00a0<a href=\"mailto:a8034746@xtec.cat\" target=\"_blank\" rel=\"noopener\">a8034746@xtec.cat<\/a><\/p>\n<p>i\/o omplint\u00a0<img decoding=\"async\" class=\"an1\" src=\"https:\/\/fonts.gstatic.com\/s\/e\/notoemoji\/14.0\/1f4dd\/32.png\" alt=\"\ud83d\udcdd\" data-emoji=\"\ud83d\udcdd\" aria-label=\"\ud83d\udcdd\" \/>\u00a0aquest\u00a0<a href=\"https:\/\/forms.gle\/ruePhbFtBbUfmsrS7\" target=\"_blank\" rel=\"noopener\" data-saferedirecturl=\"https:\/\/www.google.com\/url?q=https:\/\/forms.gle\/ruePhbFtBbUfmsrS7&amp;source=gmail&amp;ust=1643619511726000&amp;usg=AOvVaw2-EnN4me0vHTtsUjPvbDc9\">formulari<\/a>.<\/p>\n<p><a href=\"https:\/\/agora.xtec.cat\/ceiprocafonda\/wp-content\/uploads\/usu416\/2022\/01\/Screenshot_2022-01-29-21-12-19-449_com.google.android.apps_.pdfviewer.jpg\"><img loading=\"lazy\" decoding=\"async\" class=\"alignnone size-large wp-image-6291\" src=\"https:\/\/agora.xtec.cat\/ceiprocafonda\/wp-content\/uploads\/usu416\/2022\/01\/Screenshot_2022-01-29-21-12-19-449_com.google.android.apps_.pdfviewer-721x1024.jpg\" alt=\"\" width=\"721\" height=\"1024\" srcset=\"https:\/\/agora.xtec.cat\/ceiprocafonda\/wp-content\/uploads\/usu416\/2022\/01\/Screenshot_2022-01-29-21-12-19-449_com.google.android.apps_.pdfviewer-721x1024.jpg 721w, https:\/\/agora.xtec.cat\/ceiprocafonda\/wp-content\/uploads\/usu416\/2022\/01\/Screenshot_2022-01-29-21-12-19-449_com.google.android.apps_.pdfviewer-211x300.jpg 211w, https:\/\/agora.xtec.cat\/ceiprocafonda\/wp-content\/uploads\/usu416\/2022\/01\/Screenshot_2022-01-29-21-12-19-449_com.google.android.apps_.pdfviewer-768x1091.jpg 768w, https:\/\/agora.xtec.cat\/ceiprocafonda\/wp-content\/uploads\/usu416\/2022\/01\/Screenshot_2022-01-29-21-12-19-449_com.google.android.apps_.pdfviewer.jpg 983w\" sizes=\"auto, (max-width: 721px) 100vw, 721px\" \/><\/a><\/p>\n","protected":false},"excerpt":{"rendered":"<p>Som conscients que la tria d&#8217;escola \u00e9s un moment molt important i que genera molts dubtes i preguntes, sobretot en els moments actuals. \u00c9s per aix\u00f2 que, us animem a venir a coneixe&#8217;ns a les portes obertes presencials dels dies\u00a018 i 20 de febrer, demanant cita pr\u00e8via: trucant al\u00a0tel\u00e8fon 93. 790.37.51, enviant un\u00a0correu electr\u00f2nic\u00a0a8034746@xtec.cat i\/o [&hellip;]<\/p>\n","protected":false},"author":1,"featured_media":0,"comment_status":"open","ping_status":"closed","sticky":false,"template":"","format":"standard","meta":{"_bbp_topic_count":0,"_bbp_reply_count":0,"_bbp_total_topic_count":0,"_bbp_total_reply_count":0,"_bbp_voice_count":0,"_bbp_anonymous_reply_count":0,"_bbp_topic_count_hidden":0,"_bbp_reply_count_hidden":0,"_bbp_forum_subforum_count":0,"site-sidebar-layout":"default","site-content-layout":"","ast-site-content-layout":"","site-content-style":"default","site-sidebar-style":"default","ast-global-header-display":"","ast-banner-title-visibility":"","ast-main-header-display":"","ast-hfb-above-header-display":"","ast-hfb-below-header-display":"","ast-hfb-mobile-header-display":"","site-post-title":"","ast-breadcrumbs-content":"","ast-featured-img":"","footer-sml-layout":"","theme-transparent-header-meta":"","adv-header-id-meta":"","stick-header-meta":"","header-above-stick-meta":"","header-main-stick-meta":"","header-below-stick-meta":"","astra-migrate-meta-layouts":"default","ast-page-background-enabled":"default","ast-page-background-meta":{"desktop":{"background-color":"var(--ast-global-color-4)","background-image":"","background-repeat":"repeat","background-position":"center center","background-size":"auto","background-attachment":"scroll","background-type":"","background-media":"","overlay-type":"","overlay-color":"","overlay-opacity":"","overlay-gradient":""},"tablet":{"background-color":"","background-image":"","background-repeat":"repeat","background-position":"center center","background-size":"auto","background-attachment":"scroll","background-type":"","background-media":"","overlay-type":"","overlay-color":"","overlay-opacity":"","overlay-gradient":""},"mobile":{"background-color":"","background-image":"","background-repeat":"repeat","background-position":"center center","background-size":"auto","background-attachment":"scroll","background-type":"","background-media":"","overlay-type":"","overlay-color":"","overlay-opacity":"","overlay-gradient":""}},"ast-content-background-meta":{"desktop":{"background-color":"var(--ast-global-color-5)","background-image":"","background-repeat":"repeat","background-position":"center center","background-size":"auto","background-attachment":"scroll","background-type":"","background-media":"","overlay-type":"","overlay-color":"","overlay-opacity":"","overlay-gradient":""},"tablet":{"background-color":"var(--ast-global-color-5)","background-image":"","background-repeat":"repeat","background-position":"center center","background-size":"auto","background-attachment":"scroll","background-type":"","background-media":"","overlay-type":"","overlay-color":"","overlay-opacity":"","overlay-gradient":""},"mobile":{"background-color":"var(--ast-global-color-5)","background-image":"","background-repeat":"repeat","background-position":"center center","background-size":"auto","background-attachment":"scroll","background-type":"","background-media":"","overlay-type":"","overlay-color":"","overlay-opacity":"","overlay-gradient":""}},"footnotes":""},"categories":[2,80,1,100,81,4],"tags":[],"class_list":["post-6293","post","type-post","status-publish","format-standard","hentry","category-infantil","category-educacio-primaria","category-general","category-i3","category-nivells","category-portada"],"post_mailing_queue_ids":[],"_links":{"self":[{"href":"https:\/\/agora.xtec.cat\/ceiprocafonda\/wp-json\/wp\/v2\/posts\/6293","targetHints":{"allow":["GET"]}}],"collection":[{"href":"https:\/\/agora.xtec.cat\/ceiprocafonda\/wp-json\/wp\/v2\/posts"}],"about":[{"href":"https:\/\/agora.xtec.cat\/ceiprocafonda\/wp-json\/wp\/v2\/types\/post"}],"author":[{"embeddable":true,"href":"https:\/\/agora.xtec.cat\/ceiprocafonda\/wp-json\/wp\/v2\/users\/1"}],"replies":[{"embeddable":true,"href":"https:\/\/agora.xtec.cat\/ceiprocafonda\/wp-json\/wp\/v2\/comments?post=6293"}],"version-history":[{"count":1,"href":"https:\/\/agora.xtec.cat\/ceiprocafonda\/wp-json\/wp\/v2\/posts\/6293\/revisions"}],"predecessor-version":[{"id":6294,"href":"https:\/\/agora.xtec.cat\/ceiprocafonda\/wp-json\/wp\/v2\/posts\/6293\/revisions\/6294"}],"wp:attachment":[{"href":"https:\/\/agora.xtec.cat\/ceiprocafonda\/wp-json\/wp\/v2\/media?parent=6293"}],"wp:term":[{"taxonomy":"category","embeddable":true,"href":"https:\/\/agora.xtec.cat\/ceiprocafonda\/wp-json\/wp\/v2\/categories?post=6293"},{"taxonomy":"post_tag","embeddable":true,"href":"https:\/\/agora.xtec.cat\/ceiprocafonda\/wp-json\/wp\/v2\/tags?post=6293"}],"curies":[{"name":"wp","href":"https:\/\/api.w.org\/{rel}","templated":true}]}}