{"id":3590,"date":"2021-03-24T06:44:11","date_gmt":"2021-03-24T05:44:11","guid":{"rendered":"https:\/\/agora.xtec.cat\/ceiprocafonda\/?p=3590"},"modified":"2021-03-24T06:44:11","modified_gmt":"2021-03-24T05:44:11","slug":"sortim-al-tn-vespre","status":"publish","type":"post","link":"https:\/\/agora.xtec.cat\/ceiprocafonda\/general\/sortim-al-tn-vespre\/","title":{"rendered":"Sortim al TN vespre"},"content":{"rendered":"<div dir=\"auto\">Avui hem sortit a @tv3cat al #TNTV3 parlant de les fant\u00e0stiques col\u00f2nies que han pogut viure tots els alumnes de P3 fins a 5\u00e8. Al maig hi aniran els de 6\u00e8.<\/div>\n<div dir=\"auto\">Moltes gr\u00e0cies @agatafabregas i @iacma\u00a0 per aquest reportatge tant ple d&#8217;emocions!! \ud83e\udd70<img decoding=\"async\" class=\"CToWUd\" src=\"https:\/\/mail.google.com\/mail\/e\/1f60d\" alt=\"\ud83d\ude0d\" data-goomoji=\"1f60d\" data-image-whitelisted=\"\" \/>\ud83e\udd70<\/div>\n<div dir=\"auto\"><a href=\"https:\/\/www.ccma.cat\/tv3\/alacarta\/telenoticies\/mestic-imaginant-un-lloc-ple-darbres-una-casa-molt-gran-unes-colonies-mes-necessaries-que-mai\/video\/6091127\/\"><img loading=\"lazy\" decoding=\"async\" class=\"alignnone size-large wp-image-3592\" src=\"https:\/\/agora.xtec.cat\/ceiprocafonda\/wp-content\/uploads\/usu416\/2021\/03\/Screenshot_2021-03-24-06-37-57-543_com.instagram.android-688x1024.jpg\" alt=\"\" width=\"688\" height=\"1024\" srcset=\"https:\/\/agora.xtec.cat\/ceiprocafonda\/wp-content\/uploads\/usu416\/2021\/03\/Screenshot_2021-03-24-06-37-57-543_com.instagram.android-688x1024.jpg 688w, https:\/\/agora.xtec.cat\/ceiprocafonda\/wp-content\/uploads\/usu416\/2021\/03\/Screenshot_2021-03-24-06-37-57-543_com.instagram.android-202x300.jpg 202w, https:\/\/agora.xtec.cat\/ceiprocafonda\/wp-content\/uploads\/usu416\/2021\/03\/Screenshot_2021-03-24-06-37-57-543_com.instagram.android.jpg 722w\" sizes=\"auto, (max-width: 688px) 100vw, 688px\" \/><\/a><\/div>\n","protected":false},"excerpt":{"rendered":"<p>Avui hem sortit a @tv3cat al #TNTV3 parlant de les fant\u00e0stiques col\u00f2nies que han pogut viure tots els alumnes de P3 fins a 5\u00e8. Al maig hi aniran els de 6\u00e8. Moltes gr\u00e0cies @agatafabregas i @iacma\u00a0 per aquest reportatge tant ple d&#8217;emocions!! \ud83e\udd70\ud83e\udd70<\/p>\n","protected":false},"author":1,"featured_media":0,"comment_status":"open","ping_status":"closed","sticky":false,"template":"","format":"standard","meta":{"_bbp_topic_count":0,"_bbp_reply_count":0,"_bbp_total_topic_count":0,"_bbp_total_reply_count":0,"_bbp_voice_count":0,"_bbp_anonymous_reply_count":0,"_bbp_topic_count_hidden":0,"_bbp_reply_count_hidden":0,"_bbp_forum_subforum_count":0,"site-sidebar-layout":"default","site-content-layout":"","ast-site-content-layout":"","site-content-style":"default","site-sidebar-style":"default","ast-global-header-display":"","ast-banner-title-visibility":"","ast-main-header-display":"","ast-hfb-above-header-display":"","ast-hfb-below-header-display":"","ast-hfb-mobile-header-display":"","site-post-title":"","ast-breadcrumbs-content":"","ast-featured-img":"","footer-sml-layout":"","theme-transparent-header-meta":"","adv-header-id-meta":"","stick-header-meta":"","header-above-stick-meta":"","header-main-stick-meta":"","header-below-stick-meta":"","astra-migrate-meta-layouts":"default","ast-page-background-enabled":"default","ast-page-background-meta":{"desktop":{"background-color":"var(--ast-global-color-4)","background-image":"","background-repeat":"repeat","background-position":"center center","background-size":"auto","background-attachment":"scroll","background-type":"","background-media":"","overlay-type":"","overlay-color":"","overlay-opacity":"","overlay-gradient":""},"tablet":{"background-color":"","background-image":"","background-repeat":"repeat","background-position":"center center","background-size":"auto","background-attachment":"scroll","background-type":"","background-media":"","overlay-type":"","overlay-color":"","overlay-opacity":"","overlay-gradient":""},"mobile":{"background-color":"","background-image":"","background-repeat":"repeat","background-position":"center center","background-size":"auto","background-attachment":"scroll","background-type":"","background-media":"","overlay-type":"","overlay-color":"","overlay-opacity":"","overlay-gradient":""}},"ast-content-background-meta":{"desktop":{"background-color":"var(--ast-global-color-5)","background-image":"","background-repeat":"repeat","background-position":"center center","background-size":"auto","background-attachment":"scroll","background-type":"","background-media":"","overlay-type":"","overlay-color":"","overlay-opacity":"","overlay-gradient":""},"tablet":{"background-color":"var(--ast-global-color-5)","background-image":"","background-repeat":"repeat","background-position":"center center","background-size":"auto","background-attachment":"scroll","background-type":"","background-media":"","overlay-type":"","overlay-color":"","overlay-opacity":"","overlay-gradient":""},"mobile":{"background-color":"var(--ast-global-color-5)","background-image":"","background-repeat":"repeat","background-position":"center center","background-size":"auto","background-attachment":"scroll","background-type":"","background-media":"","overlay-type":"","overlay-color":"","overlay-opacity":"","overlay-gradient":""}},"footnotes":""},"categories":[8,9,10,11,12,13,2,80,1,100,60,3,81,4],"tags":[],"class_list":["post-3590","post","type-post","status-publish","format-standard","hentry","category-1r","category-2n","category-3r","category-4t","category-5e","category-6e","category-infantil","category-educacio-primaria","category-general","category-i3","category-i4","category-i5","category-nivells","category-portada"],"post_mailing_queue_ids":[],"_links":{"self":[{"href":"https:\/\/agora.xtec.cat\/ceiprocafonda\/wp-json\/wp\/v2\/posts\/3590","targetHints":{"allow":["GET"]}}],"collection":[{"href":"https:\/\/agora.xtec.cat\/ceiprocafonda\/wp-json\/wp\/v2\/posts"}],"about":[{"href":"https:\/\/agora.xtec.cat\/ceiprocafonda\/wp-json\/wp\/v2\/types\/post"}],"author":[{"embeddable":true,"href":"https:\/\/agora.xtec.cat\/ceiprocafonda\/wp-json\/wp\/v2\/users\/1"}],"replies":[{"embeddable":true,"href":"https:\/\/agora.xtec.cat\/ceiprocafonda\/wp-json\/wp\/v2\/comments?post=3590"}],"version-history":[{"count":2,"href":"https:\/\/agora.xtec.cat\/ceiprocafonda\/wp-json\/wp\/v2\/posts\/3590\/revisions"}],"predecessor-version":[{"id":3593,"href":"https:\/\/agora.xtec.cat\/ceiprocafonda\/wp-json\/wp\/v2\/posts\/3590\/revisions\/3593"}],"wp:attachment":[{"href":"https:\/\/agora.xtec.cat\/ceiprocafonda\/wp-json\/wp\/v2\/media?parent=3590"}],"wp:term":[{"taxonomy":"category","embeddable":true,"href":"https:\/\/agora.xtec.cat\/ceiprocafonda\/wp-json\/wp\/v2\/categories?post=3590"},{"taxonomy":"post_tag","embeddable":true,"href":"https:\/\/agora.xtec.cat\/ceiprocafonda\/wp-json\/wp\/v2\/tags?post=3590"}],"curies":[{"name":"wp","href":"https:\/\/api.w.org\/{rel}","templated":true}]}}