{"id":3370,"date":"2021-03-14T20:17:39","date_gmt":"2021-03-14T19:17:39","guid":{"rendered":"https:\/\/agora.xtec.cat\/ceiprocafonda\/?p=3370"},"modified":"2021-03-14T20:17:39","modified_gmt":"2021-03-14T19:17:39","slug":"som-escola-magnet","status":"publish","type":"post","link":"https:\/\/agora.xtec.cat\/ceiprocafonda\/general\/som-escola-magnet\/","title":{"rendered":"Som escola Magnet"},"content":{"rendered":"<p>A l\u2019Escola Rocafonda treballem per integrar el desenvolupament de les capacitats personals, socials i d\u2019aprenentatge en un marc tecnol\u00f2gic corresponent al present i futur dels alumnes. Per fer-ho, som escola @aliancesmagnet i comptem amb la col\u00b7laboraci\u00f3\u00a0 de la\u00a0<a href=\"https:\/\/www.tecnocampus.cat\/\" target=\"_blank\" rel=\"noopener noreferrer\" data-saferedirecturl=\"https:\/\/www.google.com\/url?q=https:\/\/www.tecnocampus.cat\/&amp;source=gmail&amp;ust=1615822354492000&amp;usg=AFQjCNGGYoDn9-F_8xp8QTWOt7dSW-o8qw\"><strong>Universitat @TecnoCampus<\/strong><\/a>\u00a0de Matar\u00f3, que \u00e9s la instituci\u00f3 d\u2019excel\u00b7l\u00e8ncia que ens acompanya en el nostre dia a dia. Els projectes innovadors es converteixen en eixos de l\u2019educaci\u00f3 a l\u2019escola. Per aix\u00f2, el nostre lema \u00e9s &#8221; Tecnologia i futur, t&#8217;emocionar\u00e0!&#8221;<\/p>\n<div class=\"ast-oembed-container \" style=\"height: 100%;\"><iframe loading=\"lazy\" title=\"Projecte Magnet: Escola Rocafonda i el TecnoCampus Matar\u00f3 \ud83d\udcf1\" width=\"500\" height=\"281\" src=\"https:\/\/www.youtube.com\/embed\/XGFLyXP3clI?feature=oembed\" frameborder=\"0\" allow=\"accelerometer; autoplay; clipboard-write; encrypted-media; gyroscope; picture-in-picture; web-share\" referrerpolicy=\"strict-origin-when-cross-origin\" allowfullscreen><\/iframe><\/div>\n","protected":false},"excerpt":{"rendered":"<p>A l\u2019Escola Rocafonda treballem per integrar el desenvolupament de les capacitats personals, socials i d\u2019aprenentatge en un marc tecnol\u00f2gic corresponent al present i futur dels alumnes. Per fer-ho, som escola @aliancesmagnet i comptem amb la col\u00b7laboraci\u00f3\u00a0 de la\u00a0Universitat @TecnoCampus\u00a0de Matar\u00f3, que \u00e9s la instituci\u00f3 d\u2019excel\u00b7l\u00e8ncia que ens acompanya en el nostre dia a dia. Els [&hellip;]<\/p>\n","protected":false},"author":1,"featured_media":0,"comment_status":"open","ping_status":"closed","sticky":false,"template":"","format":"standard","meta":{"_bbp_topic_count":0,"_bbp_reply_count":0,"_bbp_total_topic_count":0,"_bbp_total_reply_count":0,"_bbp_voice_count":0,"_bbp_anonymous_reply_count":0,"_bbp_topic_count_hidden":0,"_bbp_reply_count_hidden":0,"_bbp_forum_subforum_count":0,"site-sidebar-layout":"default","site-content-layout":"","ast-site-content-layout":"","site-content-style":"default","site-sidebar-style":"default","ast-global-header-display":"","ast-banner-title-visibility":"","ast-main-header-display":"","ast-hfb-above-header-display":"","ast-hfb-below-header-display":"","ast-hfb-mobile-header-display":"","site-post-title":"","ast-breadcrumbs-content":"","ast-featured-img":"","footer-sml-layout":"","theme-transparent-header-meta":"","adv-header-id-meta":"","stick-header-meta":"","header-above-stick-meta":"","header-main-stick-meta":"","header-below-stick-meta":"","astra-migrate-meta-layouts":"default","ast-page-background-enabled":"default","ast-page-background-meta":{"desktop":{"background-color":"var(--ast-global-color-4)","background-image":"","background-repeat":"repeat","background-position":"center center","background-size":"auto","background-attachment":"scroll","background-type":"","background-media":"","overlay-type":"","overlay-color":"","overlay-opacity":"","overlay-gradient":""},"tablet":{"background-color":"","background-image":"","background-repeat":"repeat","background-position":"center center","background-size":"auto","background-attachment":"scroll","background-type":"","background-media":"","overlay-type":"","overlay-color":"","overlay-opacity":"","overlay-gradient":""},"mobile":{"background-color":"","background-image":"","background-repeat":"repeat","background-position":"center center","background-size":"auto","background-attachment":"scroll","background-type":"","background-media":"","overlay-type":"","overlay-color":"","overlay-opacity":"","overlay-gradient":""}},"ast-content-background-meta":{"desktop":{"background-color":"var(--ast-global-color-5)","background-image":"","background-repeat":"repeat","background-position":"center center","background-size":"auto","background-attachment":"scroll","background-type":"","background-media":"","overlay-type":"","overlay-color":"","overlay-opacity":"","overlay-gradient":""},"tablet":{"background-color":"var(--ast-global-color-5)","background-image":"","background-repeat":"repeat","background-position":"center center","background-size":"auto","background-attachment":"scroll","background-type":"","background-media":"","overlay-type":"","overlay-color":"","overlay-opacity":"","overlay-gradient":""},"mobile":{"background-color":"var(--ast-global-color-5)","background-image":"","background-repeat":"repeat","background-position":"center center","background-size":"auto","background-attachment":"scroll","background-type":"","background-media":"","overlay-type":"","overlay-color":"","overlay-opacity":"","overlay-gradient":""}},"footnotes":""},"categories":[2,80,1,81,4,79,65],"tags":[],"class_list":["post-3370","post","type-post","status-publish","format-standard","hentry","category-infantil","category-educacio-primaria","category-general","category-nivells","category-portada","category-projecte-programacio-i-robotica","category-robotica"],"post_mailing_queue_ids":[],"_links":{"self":[{"href":"https:\/\/agora.xtec.cat\/ceiprocafonda\/wp-json\/wp\/v2\/posts\/3370","targetHints":{"allow":["GET"]}}],"collection":[{"href":"https:\/\/agora.xtec.cat\/ceiprocafonda\/wp-json\/wp\/v2\/posts"}],"about":[{"href":"https:\/\/agora.xtec.cat\/ceiprocafonda\/wp-json\/wp\/v2\/types\/post"}],"author":[{"embeddable":true,"href":"https:\/\/agora.xtec.cat\/ceiprocafonda\/wp-json\/wp\/v2\/users\/1"}],"replies":[{"embeddable":true,"href":"https:\/\/agora.xtec.cat\/ceiprocafonda\/wp-json\/wp\/v2\/comments?post=3370"}],"version-history":[{"count":1,"href":"https:\/\/agora.xtec.cat\/ceiprocafonda\/wp-json\/wp\/v2\/posts\/3370\/revisions"}],"predecessor-version":[{"id":3371,"href":"https:\/\/agora.xtec.cat\/ceiprocafonda\/wp-json\/wp\/v2\/posts\/3370\/revisions\/3371"}],"wp:attachment":[{"href":"https:\/\/agora.xtec.cat\/ceiprocafonda\/wp-json\/wp\/v2\/media?parent=3370"}],"wp:term":[{"taxonomy":"category","embeddable":true,"href":"https:\/\/agora.xtec.cat\/ceiprocafonda\/wp-json\/wp\/v2\/categories?post=3370"},{"taxonomy":"post_tag","embeddable":true,"href":"https:\/\/agora.xtec.cat\/ceiprocafonda\/wp-json\/wp\/v2\/tags?post=3370"}],"curies":[{"name":"wp","href":"https:\/\/api.w.org\/{rel}","templated":true}]}}