{"id":17044,"date":"2025-02-06T08:06:29","date_gmt":"2025-02-06T07:06:29","guid":{"rendered":"https:\/\/agora.xtec.cat\/ceiprocafonda\/?p=17044"},"modified":"2025-02-06T08:06:29","modified_gmt":"2025-02-06T07:06:29","slug":"portes-obertes-7-de-marc","status":"publish","type":"post","link":"https:\/\/agora.xtec.cat\/ceiprocafonda\/general\/portes-obertes-7-de-marc\/","title":{"rendered":"Portes obertes 7 de mar\u00e7"},"content":{"rendered":"<p>\ud83d\udce2Us convidem a la jornada de portes obertes de l&#8217;escola Rocafonda el proper divendres 7 de Mar\u00e7.<br \/>\nObrirem l&#8217;escola per donar-vos la benvinguda, explicar-vos el nostre projecte educatiu i mostrar-vos qui som.<br \/>\nHi haur\u00e0 diferents franges hor\u00e0ries: 15:15, 16:00, 16:45, 17:30 i 18:15. Truqueu al 937903751 o escriviu-nos un correu electr\u00f2nic a8034746@xtec.cat per a demanar cita.<br \/>\nUs esperem!<\/p>\n<p><a href=\"https:\/\/agora.xtec.cat\/ceiprocafonda\/wp-content\/uploads\/usu416\/2025\/02\/WhatsApp-Image-2025-02-06-at-08.02.26.jpeg\"><img loading=\"lazy\" decoding=\"async\" class=\"alignnone size-large wp-image-17045\" src=\"https:\/\/agora.xtec.cat\/ceiprocafonda\/wp-content\/uploads\/usu416\/2025\/02\/WhatsApp-Image-2025-02-06-at-08.02.26-724x1024.jpeg\" alt=\"\" width=\"724\" height=\"1024\" srcset=\"https:\/\/agora.xtec.cat\/ceiprocafonda\/wp-content\/uploads\/usu416\/2025\/02\/WhatsApp-Image-2025-02-06-at-08.02.26-724x1024.jpeg 724w, https:\/\/agora.xtec.cat\/ceiprocafonda\/wp-content\/uploads\/usu416\/2025\/02\/WhatsApp-Image-2025-02-06-at-08.02.26-212x300.jpeg 212w, https:\/\/agora.xtec.cat\/ceiprocafonda\/wp-content\/uploads\/usu416\/2025\/02\/WhatsApp-Image-2025-02-06-at-08.02.26-768x1087.jpeg 768w, https:\/\/agora.xtec.cat\/ceiprocafonda\/wp-content\/uploads\/usu416\/2025\/02\/WhatsApp-Image-2025-02-06-at-08.02.26-1085x1536.jpeg 1085w, https:\/\/agora.xtec.cat\/ceiprocafonda\/wp-content\/uploads\/usu416\/2025\/02\/WhatsApp-Image-2025-02-06-at-08.02.26.jpeg 1447w\" sizes=\"auto, (max-width: 724px) 100vw, 724px\" \/><\/a><\/p>\n","protected":false},"excerpt":{"rendered":"<p>\ud83d\udce2Us convidem a la jornada de portes obertes de l&#8217;escola Rocafonda el proper divendres 7 de Mar\u00e7. Obrirem l&#8217;escola per donar-vos la benvinguda, explicar-vos el nostre projecte educatiu i mostrar-vos qui som. Hi haur\u00e0 diferents franges hor\u00e0ries: 15:15, 16:00, 16:45, 17:30 i 18:15. Truqueu al 937903751 o escriviu-nos un correu electr\u00f2nic a8034746@xtec.cat per a demanar [&hellip;]<\/p>\n","protected":false},"author":1,"featured_media":0,"comment_status":"open","ping_status":"closed","sticky":false,"template":"","format":"standard","meta":{"_bbp_topic_count":0,"_bbp_reply_count":0,"_bbp_total_topic_count":0,"_bbp_total_reply_count":0,"_bbp_voice_count":0,"_bbp_anonymous_reply_count":0,"_bbp_topic_count_hidden":0,"_bbp_reply_count_hidden":0,"_bbp_forum_subforum_count":0,"site-sidebar-layout":"default","site-content-layout":"","ast-site-content-layout":"","site-content-style":"default","site-sidebar-style":"default","ast-global-header-display":"","ast-banner-title-visibility":"","ast-main-header-display":"","ast-hfb-above-header-display":"","ast-hfb-below-header-display":"","ast-hfb-mobile-header-display":"","site-post-title":"","ast-breadcrumbs-content":"","ast-featured-img":"","footer-sml-layout":"","theme-transparent-header-meta":"","adv-header-id-meta":"","stick-header-meta":"","header-above-stick-meta":"","header-main-stick-meta":"","header-below-stick-meta":"","astra-migrate-meta-layouts":"default","ast-page-background-enabled":"default","ast-page-background-meta":{"desktop":{"background-color":"var(--ast-global-color-4)","background-image":"","background-repeat":"repeat","background-position":"center center","background-size":"auto","background-attachment":"scroll","background-type":"","background-media":"","overlay-type":"","overlay-color":"","overlay-opacity":"","overlay-gradient":""},"tablet":{"background-color":"","background-image":"","background-repeat":"repeat","background-position":"center center","background-size":"auto","background-attachment":"scroll","background-type":"","background-media":"","overlay-type":"","overlay-color":"","overlay-opacity":"","overlay-gradient":""},"mobile":{"background-color":"","background-image":"","background-repeat":"repeat","background-position":"center center","background-size":"auto","background-attachment":"scroll","background-type":"","background-media":"","overlay-type":"","overlay-color":"","overlay-opacity":"","overlay-gradient":""}},"ast-content-background-meta":{"desktop":{"background-color":"var(--ast-global-color-5)","background-image":"","background-repeat":"repeat","background-position":"center center","background-size":"auto","background-attachment":"scroll","background-type":"","background-media":"","overlay-type":"","overlay-color":"","overlay-opacity":"","overlay-gradient":""},"tablet":{"background-color":"var(--ast-global-color-5)","background-image":"","background-repeat":"repeat","background-position":"center center","background-size":"auto","background-attachment":"scroll","background-type":"","background-media":"","overlay-type":"","overlay-color":"","overlay-opacity":"","overlay-gradient":""},"mobile":{"background-color":"var(--ast-global-color-5)","background-image":"","background-repeat":"repeat","background-position":"center center","background-size":"auto","background-attachment":"scroll","background-type":"","background-media":"","overlay-type":"","overlay-color":"","overlay-opacity":"","overlay-gradient":""}},"footnotes":""},"categories":[2,80,1,81,4],"tags":[],"class_list":["post-17044","post","type-post","status-publish","format-standard","hentry","category-infantil","category-educacio-primaria","category-general","category-nivells","category-portada"],"post_mailing_queue_ids":[],"_links":{"self":[{"href":"https:\/\/agora.xtec.cat\/ceiprocafonda\/wp-json\/wp\/v2\/posts\/17044","targetHints":{"allow":["GET"]}}],"collection":[{"href":"https:\/\/agora.xtec.cat\/ceiprocafonda\/wp-json\/wp\/v2\/posts"}],"about":[{"href":"https:\/\/agora.xtec.cat\/ceiprocafonda\/wp-json\/wp\/v2\/types\/post"}],"author":[{"embeddable":true,"href":"https:\/\/agora.xtec.cat\/ceiprocafonda\/wp-json\/wp\/v2\/users\/1"}],"replies":[{"embeddable":true,"href":"https:\/\/agora.xtec.cat\/ceiprocafonda\/wp-json\/wp\/v2\/comments?post=17044"}],"version-history":[{"count":1,"href":"https:\/\/agora.xtec.cat\/ceiprocafonda\/wp-json\/wp\/v2\/posts\/17044\/revisions"}],"predecessor-version":[{"id":17046,"href":"https:\/\/agora.xtec.cat\/ceiprocafonda\/wp-json\/wp\/v2\/posts\/17044\/revisions\/17046"}],"wp:attachment":[{"href":"https:\/\/agora.xtec.cat\/ceiprocafonda\/wp-json\/wp\/v2\/media?parent=17044"}],"wp:term":[{"taxonomy":"category","embeddable":true,"href":"https:\/\/agora.xtec.cat\/ceiprocafonda\/wp-json\/wp\/v2\/categories?post=17044"},{"taxonomy":"post_tag","embeddable":true,"href":"https:\/\/agora.xtec.cat\/ceiprocafonda\/wp-json\/wp\/v2\/tags?post=17044"}],"curies":[{"name":"wp","href":"https:\/\/api.w.org\/{rel}","templated":true}]}}