{"id":1560,"date":"2020-05-19T07:04:30","date_gmt":"2020-05-19T05:04:30","guid":{"rendered":"https:\/\/agora.xtec.cat\/ceiprocafonda\/?p=1560"},"modified":"2020-05-19T07:04:30","modified_gmt":"2020-05-19T05:04:30","slug":"art-a-rocafonda","status":"publish","type":"post","link":"https:\/\/agora.xtec.cat\/ceiprocafonda\/general\/art-a-rocafonda\/","title":{"rendered":"Art a Rocafonda!"},"content":{"rendered":"<p dir=\"ltr\">El projecte art\u00edstic que desenvolupem a\u00a0 l\u2019escola engloba les arts esc\u00e8niques en les modalitats de dansa, teatre i m\u00fasica, posant \u00e8mfasi en el teatre i la m\u00fasica.\u00a0Treballem amb col\u00b7laboraci\u00f3 amb\u00a0<strong>l\u2019<a href=\"http:\/\/culturamataro.cat\/ca\/teatre-i-dansa\/l-aula-de-teatre\" target=\"_blank\" rel=\"noopener noreferrer\" data-saferedirecturl=\"https:\/\/www.google.com\/url?q=http:\/\/culturamataro.cat\/ca\/teatre-i-dansa\/l-aula-de-teatre&amp;source=gmail&amp;ust=1589950881269000&amp;usg=AFQjCNGf1Vyd6Pg4sPvJvVU4wmMuwzZOpA\">Aula de Teatre Municipal<\/a><\/strong> de Matar\u00f3, on un dels seus professionals ve a l\u2019escola i treballa tots els aspectes d\u2019arts esc\u00e8niques amb els alumnes de 5\u00e8 i 6\u00e8. Tamb\u00e9 treballem en col\u00b7laboraci\u00f3 amb <strong>l\u2019<a href=\"http:\/\/www.emmmataro.cat\/\" target=\"_blank\" rel=\"noopener noreferrer\" data-saferedirecturl=\"https:\/\/www.google.com\/url?q=http:\/\/www.emmmataro.cat\/&amp;source=gmail&amp;ust=1589950881269000&amp;usg=AFQjCNHGFOjW6Lt9pDAW_pbSD0oZeonctA\">Escola Municipal<\/a><\/strong>\u00a0<strong>de M\u00fasica\u00a0<\/strong>de Matar\u00f3, dins del projecte Escoles Orquestrals de percussi\u00f3.<\/p>\n<div dir=\"ltr\"><span style=\"color: #444444; font-family: Open Sans, Arial, Helvetica, sans-serif;\"><span style=\"color: #444444; font-family: Open Sans, Arial, Helvetica, sans-serif;\">M\u00fasica:<\/span><\/span><\/p>\n<div class=\"ast-oembed-container \" style=\"height: 100%;\"><iframe loading=\"lazy\" title=\"M\u00daSICA A L&#039;ESCOLA\" width=\"500\" height=\"375\" src=\"https:\/\/www.youtube.com\/embed\/uIGpmKmj7Lk?feature=oembed\" frameborder=\"0\" allow=\"accelerometer; autoplay; clipboard-write; encrypted-media; gyroscope; picture-in-picture; web-share\" referrerpolicy=\"strict-origin-when-cross-origin\" allowfullscreen><\/iframe><\/div>\n<div>Teatre:<\/div>\n<div>\n<div class=\"ast-oembed-container \" style=\"height: 100%;\"><iframe loading=\"lazy\" title=\"TEATRE A L&#039;ESCOLA\" width=\"500\" height=\"375\" src=\"https:\/\/www.youtube.com\/embed\/d3MlPH8ZCio?feature=oembed\" frameborder=\"0\" allow=\"accelerometer; autoplay; clipboard-write; encrypted-media; gyroscope; picture-in-picture; web-share\" referrerpolicy=\"strict-origin-when-cross-origin\" allowfullscreen><\/iframe><\/div>\n<\/div>\n<\/div>\n","protected":false},"excerpt":{"rendered":"<p>El projecte art\u00edstic que desenvolupem a\u00a0 l\u2019escola engloba les arts esc\u00e8niques en les modalitats de dansa, teatre i m\u00fasica, posant \u00e8mfasi en el teatre i la m\u00fasica.\u00a0Treballem amb col\u00b7laboraci\u00f3 amb\u00a0l\u2019Aula de Teatre Municipal de Matar\u00f3, on un dels seus professionals ve a l\u2019escola i treballa tots els aspectes d\u2019arts esc\u00e8niques amb els alumnes de 5\u00e8 [&hellip;]<\/p>\n","protected":false},"author":1,"featured_media":0,"comment_status":"open","ping_status":"closed","sticky":false,"template":"","format":"standard","meta":{"_bbp_topic_count":0,"_bbp_reply_count":0,"_bbp_total_topic_count":0,"_bbp_total_reply_count":0,"_bbp_voice_count":0,"_bbp_anonymous_reply_count":0,"_bbp_topic_count_hidden":0,"_bbp_reply_count_hidden":0,"_bbp_forum_subforum_count":0,"site-sidebar-layout":"default","site-content-layout":"","ast-site-content-layout":"","site-content-style":"default","site-sidebar-style":"default","ast-global-header-display":"","ast-banner-title-visibility":"","ast-main-header-display":"","ast-hfb-above-header-display":"","ast-hfb-below-header-display":"","ast-hfb-mobile-header-display":"","site-post-title":"","ast-breadcrumbs-content":"","ast-featured-img":"","footer-sml-layout":"","theme-transparent-header-meta":"","adv-header-id-meta":"","stick-header-meta":"","header-above-stick-meta":"","header-main-stick-meta":"","header-below-stick-meta":"","astra-migrate-meta-layouts":"default","ast-page-background-enabled":"default","ast-page-background-meta":{"desktop":{"background-color":"var(--ast-global-color-4)","background-image":"","background-repeat":"repeat","background-position":"center center","background-size":"auto","background-attachment":"scroll","background-type":"","background-media":"","overlay-type":"","overlay-color":"","overlay-opacity":"","overlay-gradient":""},"tablet":{"background-color":"","background-image":"","background-repeat":"repeat","background-position":"center center","background-size":"auto","background-attachment":"scroll","background-type":"","background-media":"","overlay-type":"","overlay-color":"","overlay-opacity":"","overlay-gradient":""},"mobile":{"background-color":"","background-image":"","background-repeat":"repeat","background-position":"center center","background-size":"auto","background-attachment":"scroll","background-type":"","background-media":"","overlay-type":"","overlay-color":"","overlay-opacity":"","overlay-gradient":""}},"ast-content-background-meta":{"desktop":{"background-color":"var(--ast-global-color-5)","background-image":"","background-repeat":"repeat","background-position":"center center","background-size":"auto","background-attachment":"scroll","background-type":"","background-media":"","overlay-type":"","overlay-color":"","overlay-opacity":"","overlay-gradient":""},"tablet":{"background-color":"var(--ast-global-color-5)","background-image":"","background-repeat":"repeat","background-position":"center center","background-size":"auto","background-attachment":"scroll","background-type":"","background-media":"","overlay-type":"","overlay-color":"","overlay-opacity":"","overlay-gradient":""},"mobile":{"background-color":"var(--ast-global-color-5)","background-image":"","background-repeat":"repeat","background-position":"center center","background-size":"auto","background-attachment":"scroll","background-type":"","background-media":"","overlay-type":"","overlay-color":"","overlay-opacity":"","overlay-gradient":""}},"footnotes":""},"categories":[2,80,1,82,81,4],"tags":[],"class_list":["post-1560","post","type-post","status-publish","format-standard","hentry","category-infantil","category-educacio-primaria","category-general","category-musica-art-i-teatre","category-nivells","category-portada"],"post_mailing_queue_ids":[],"_links":{"self":[{"href":"https:\/\/agora.xtec.cat\/ceiprocafonda\/wp-json\/wp\/v2\/posts\/1560","targetHints":{"allow":["GET"]}}],"collection":[{"href":"https:\/\/agora.xtec.cat\/ceiprocafonda\/wp-json\/wp\/v2\/posts"}],"about":[{"href":"https:\/\/agora.xtec.cat\/ceiprocafonda\/wp-json\/wp\/v2\/types\/post"}],"author":[{"embeddable":true,"href":"https:\/\/agora.xtec.cat\/ceiprocafonda\/wp-json\/wp\/v2\/users\/1"}],"replies":[{"embeddable":true,"href":"https:\/\/agora.xtec.cat\/ceiprocafonda\/wp-json\/wp\/v2\/comments?post=1560"}],"version-history":[{"count":1,"href":"https:\/\/agora.xtec.cat\/ceiprocafonda\/wp-json\/wp\/v2\/posts\/1560\/revisions"}],"predecessor-version":[{"id":1561,"href":"https:\/\/agora.xtec.cat\/ceiprocafonda\/wp-json\/wp\/v2\/posts\/1560\/revisions\/1561"}],"wp:attachment":[{"href":"https:\/\/agora.xtec.cat\/ceiprocafonda\/wp-json\/wp\/v2\/media?parent=1560"}],"wp:term":[{"taxonomy":"category","embeddable":true,"href":"https:\/\/agora.xtec.cat\/ceiprocafonda\/wp-json\/wp\/v2\/categories?post=1560"},{"taxonomy":"post_tag","embeddable":true,"href":"https:\/\/agora.xtec.cat\/ceiprocafonda\/wp-json\/wp\/v2\/tags?post=1560"}],"curies":[{"name":"wp","href":"https:\/\/api.w.org\/{rel}","templated":true}]}}