{"id":1447,"date":"2020-05-07T16:37:48","date_gmt":"2020-05-07T14:37:48","guid":{"rendered":"https:\/\/agora.xtec.cat\/ceiprocafonda\/?p=1447"},"modified":"2020-05-07T16:37:48","modified_gmt":"2020-05-07T14:37:48","slug":"preinscripcio-curs-20-21","status":"publish","type":"post","link":"https:\/\/agora.xtec.cat\/ceiprocafonda\/general\/preinscripcio-curs-20-21\/","title":{"rendered":"Preinscripci\u00f3 curs: 20-21"},"content":{"rendered":"<h1 class=\"title ng-star-inserted\">La preinscripci\u00f3 escolar per l&#8217;educaci\u00f3 infantil, prim\u00e0ria i ESO ser\u00e0 entre el 13 i el 22 de maig<\/h1>\n<ul class=\"entradeta-list\">\n<li>Es podr\u00e0 fer de manera<strong> telem\u00e0tica i no presencial<\/strong> des del <strong>dia 13<\/strong> a partir de possibilitats diverses<\/li>\n<\/ul>\n<ul class=\"entradeta-list\">\n<li>Ateses les actuals circumst\u00e0ncies extraordin\u00e0ries per la covid-19, es podr\u00e0 fer <strong>de forma presencial<\/strong> nom\u00e9s <strong>amb cita pr\u00e8via, entre el 19 i el 22<\/strong><\/li>\n<\/ul>\n<div>\n<p>Aix\u00ed, com a prevenci\u00f3 davant el coronavirus, es promou <strong>la preinscripci\u00f3 telem\u00e0tica<\/strong>, i el tr\u00e0mit es podr\u00e0 fer tot online, a trav\u00e9s del portal\u00a0<a href=\"http:\/\/queestudiar.gencat.cat\/ca\/preinscripcio\/\">preinscripcio.gencat.cat<\/a>. S\u2019elimina la necessitat de presentar la sol\u00b7licitud i la documentaci\u00f3 en paper al centre, i queda substitu\u00efda per <strong>utilitzar\u00a0 el formulari telem\u00e0tic i enviar la documentaci\u00f3 necess\u00e0ria -escanejada o fotografiada- mitjan\u00e7ant un correu<\/strong> a la b\u00fastia electr\u00f2nica oficial del centre demanat en primera opci\u00f3 (<a href=\"mailto:a8034746@xtec.cat\">a8034746@xtec.cat<\/a>)<\/p>\n<p>Aquelles fam\u00edlies que no disposin dels mitjans per dur a terme el procediment telem\u00e0tic, i amb l\u2019objectiu de garantir l\u2019equitat, es preveu que disposin d\u2019uns dies per poder lliurar les seves sol\u00b7licituds de forma presencial. Aix\u00ed, <strong>la preinscripci\u00f3 presencial<\/strong> estar\u00e0 disponible a partir <strong>del 19 de maig i fins el 22 de maig incl\u00f2s<\/strong>. Per a fer-ho, <strong>caldr\u00e0 demanar cita pr\u00e8via al centre<\/strong> que les fam\u00edlies hagin escollit en primera opci\u00f3 trucant per tel\u00e8fon (937903751) o\u00a0 a trav\u00e9s d\u2019Internet (<a href=\"mailto:a8034746@xtec.cat\">a8034746@xtec.cat<\/a>).<\/p>\n<div class=\"ast-oembed-container \" style=\"height: 100%;\"><iframe loading=\"lazy\" title=\"portes obertes virtuals\" width=\"500\" height=\"375\" src=\"https:\/\/www.youtube.com\/embed\/o6Pt_K3wlLo?feature=oembed\" frameborder=\"0\" allow=\"accelerometer; autoplay; clipboard-write; encrypted-media; gyroscope; picture-in-picture; web-share\" referrerpolicy=\"strict-origin-when-cross-origin\" allowfullscreen><\/iframe><\/div>\n<\/div>\n","protected":false},"excerpt":{"rendered":"<p>La preinscripci\u00f3 escolar per l&#8217;educaci\u00f3 infantil, prim\u00e0ria i ESO ser\u00e0 entre el 13 i el 22 de maig Es podr\u00e0 fer de manera telem\u00e0tica i no presencial des del dia 13 a partir de possibilitats diverses Ateses les actuals circumst\u00e0ncies extraordin\u00e0ries per la covid-19, es podr\u00e0 fer de forma presencial nom\u00e9s amb cita pr\u00e8via, entre [&hellip;]<\/p>\n","protected":false},"author":1,"featured_media":0,"comment_status":"open","ping_status":"closed","sticky":false,"template":"","format":"standard","meta":{"_bbp_topic_count":0,"_bbp_reply_count":0,"_bbp_total_topic_count":0,"_bbp_total_reply_count":0,"_bbp_voice_count":0,"_bbp_anonymous_reply_count":0,"_bbp_topic_count_hidden":0,"_bbp_reply_count_hidden":0,"_bbp_forum_subforum_count":0,"site-sidebar-layout":"default","site-content-layout":"","ast-site-content-layout":"","site-content-style":"default","site-sidebar-style":"default","ast-global-header-display":"","ast-banner-title-visibility":"","ast-main-header-display":"","ast-hfb-above-header-display":"","ast-hfb-below-header-display":"","ast-hfb-mobile-header-display":"","site-post-title":"","ast-breadcrumbs-content":"","ast-featured-img":"","footer-sml-layout":"","theme-transparent-header-meta":"","adv-header-id-meta":"","stick-header-meta":"","header-above-stick-meta":"","header-main-stick-meta":"","header-below-stick-meta":"","astra-migrate-meta-layouts":"default","ast-page-background-enabled":"default","ast-page-background-meta":{"desktop":{"background-color":"var(--ast-global-color-4)","background-image":"","background-repeat":"repeat","background-position":"center center","background-size":"auto","background-attachment":"scroll","background-type":"","background-media":"","overlay-type":"","overlay-color":"","overlay-opacity":"","overlay-gradient":""},"tablet":{"background-color":"","background-image":"","background-repeat":"repeat","background-position":"center center","background-size":"auto","background-attachment":"scroll","background-type":"","background-media":"","overlay-type":"","overlay-color":"","overlay-opacity":"","overlay-gradient":""},"mobile":{"background-color":"","background-image":"","background-repeat":"repeat","background-position":"center center","background-size":"auto","background-attachment":"scroll","background-type":"","background-media":"","overlay-type":"","overlay-color":"","overlay-opacity":"","overlay-gradient":""}},"ast-content-background-meta":{"desktop":{"background-color":"var(--ast-global-color-5)","background-image":"","background-repeat":"repeat","background-position":"center center","background-size":"auto","background-attachment":"scroll","background-type":"","background-media":"","overlay-type":"","overlay-color":"","overlay-opacity":"","overlay-gradient":""},"tablet":{"background-color":"var(--ast-global-color-5)","background-image":"","background-repeat":"repeat","background-position":"center center","background-size":"auto","background-attachment":"scroll","background-type":"","background-media":"","overlay-type":"","overlay-color":"","overlay-opacity":"","overlay-gradient":""},"mobile":{"background-color":"var(--ast-global-color-5)","background-image":"","background-repeat":"repeat","background-position":"center center","background-size":"auto","background-attachment":"scroll","background-type":"","background-media":"","overlay-type":"","overlay-color":"","overlay-opacity":"","overlay-gradient":""}},"footnotes":""},"categories":[8,9,10,11,12,13,2,80,1,60,3,81,4],"tags":[],"class_list":["post-1447","post","type-post","status-publish","format-standard","hentry","category-1r","category-2n","category-3r","category-4t","category-5e","category-6e","category-infantil","category-educacio-primaria","category-general","category-i4","category-i5","category-nivells","category-portada"],"post_mailing_queue_ids":[],"_links":{"self":[{"href":"https:\/\/agora.xtec.cat\/ceiprocafonda\/wp-json\/wp\/v2\/posts\/1447","targetHints":{"allow":["GET"]}}],"collection":[{"href":"https:\/\/agora.xtec.cat\/ceiprocafonda\/wp-json\/wp\/v2\/posts"}],"about":[{"href":"https:\/\/agora.xtec.cat\/ceiprocafonda\/wp-json\/wp\/v2\/types\/post"}],"author":[{"embeddable":true,"href":"https:\/\/agora.xtec.cat\/ceiprocafonda\/wp-json\/wp\/v2\/users\/1"}],"replies":[{"embeddable":true,"href":"https:\/\/agora.xtec.cat\/ceiprocafonda\/wp-json\/wp\/v2\/comments?post=1447"}],"version-history":[{"count":1,"href":"https:\/\/agora.xtec.cat\/ceiprocafonda\/wp-json\/wp\/v2\/posts\/1447\/revisions"}],"predecessor-version":[{"id":1448,"href":"https:\/\/agora.xtec.cat\/ceiprocafonda\/wp-json\/wp\/v2\/posts\/1447\/revisions\/1448"}],"wp:attachment":[{"href":"https:\/\/agora.xtec.cat\/ceiprocafonda\/wp-json\/wp\/v2\/media?parent=1447"}],"wp:term":[{"taxonomy":"category","embeddable":true,"href":"https:\/\/agora.xtec.cat\/ceiprocafonda\/wp-json\/wp\/v2\/categories?post=1447"},{"taxonomy":"post_tag","embeddable":true,"href":"https:\/\/agora.xtec.cat\/ceiprocafonda\/wp-json\/wp\/v2\/tags?post=1447"}],"curies":[{"name":"wp","href":"https:\/\/api.w.org\/{rel}","templated":true}]}}