{"id":13605,"date":"2024-02-01T08:12:42","date_gmt":"2024-02-01T07:12:42","guid":{"rendered":"https:\/\/agora.xtec.cat\/ceiprocafonda\/?p=13605"},"modified":"2024-02-01T08:12:42","modified_gmt":"2024-02-01T07:12:42","slug":"carnaval-2024","status":"publish","type":"post","link":"https:\/\/agora.xtec.cat\/ceiprocafonda\/general\/carnaval-2024\/","title":{"rendered":"Carnaval 2024"},"content":{"rendered":"<p>Ja s\u2019acosta l\u2019\u00e8poca de Carnestoltes i sempre ens fa molta il\u00b7lusi\u00f3 compartir amb vosaltres els diferents actes que realitzarem. \u00c9s per aix\u00f2 que us presentem el programa d&#8217;activitats que farem.<\/p>\n<p><a href=\"https:\/\/agora.xtec.cat\/ceiprocafonda\/wp-content\/uploads\/usu416\/2024\/02\/2024-Info.-Families-CARNAVAL.png\"><img loading=\"lazy\" decoding=\"async\" class=\"alignnone size-large wp-image-13606\" src=\"https:\/\/agora.xtec.cat\/ceiprocafonda\/wp-content\/uploads\/usu416\/2024\/02\/2024-Info.-Families-CARNAVAL-724x1024.png\" alt=\"\" width=\"724\" height=\"1024\" srcset=\"https:\/\/agora.xtec.cat\/ceiprocafonda\/wp-content\/uploads\/usu416\/2024\/02\/2024-Info.-Families-CARNAVAL-724x1024.png 724w, https:\/\/agora.xtec.cat\/ceiprocafonda\/wp-content\/uploads\/usu416\/2024\/02\/2024-Info.-Families-CARNAVAL-212x300.png 212w, https:\/\/agora.xtec.cat\/ceiprocafonda\/wp-content\/uploads\/usu416\/2024\/02\/2024-Info.-Families-CARNAVAL-768x1086.png 768w, https:\/\/agora.xtec.cat\/ceiprocafonda\/wp-content\/uploads\/usu416\/2024\/02\/2024-Info.-Families-CARNAVAL-1086x1536.png 1086w, https:\/\/agora.xtec.cat\/ceiprocafonda\/wp-content\/uploads\/usu416\/2024\/02\/2024-Info.-Families-CARNAVAL.png 1414w\" sizes=\"auto, (max-width: 724px) 100vw, 724px\" \/><\/a><\/p>\n<p>Ens agradar\u00e0 molt\u00edssim que totes les fam\u00edlies vingueu el divendres <strong>9 de febrer a les 16:15<\/strong>\u00a0a la rua de Carnaval!<\/p>\n<p><a href=\"https:\/\/agora.xtec.cat\/ceiprocafonda\/wp-content\/uploads\/usu416\/2024\/02\/CARTELL-CARNAVAL-1.png\"><img loading=\"lazy\" decoding=\"async\" class=\"alignnone size-large wp-image-13607\" src=\"https:\/\/agora.xtec.cat\/ceiprocafonda\/wp-content\/uploads\/usu416\/2024\/02\/CARTELL-CARNAVAL-1-724x1024.png\" alt=\"\" width=\"724\" height=\"1024\" srcset=\"https:\/\/agora.xtec.cat\/ceiprocafonda\/wp-content\/uploads\/usu416\/2024\/02\/CARTELL-CARNAVAL-1-724x1024.png 724w, https:\/\/agora.xtec.cat\/ceiprocafonda\/wp-content\/uploads\/usu416\/2024\/02\/CARTELL-CARNAVAL-1-212x300.png 212w, https:\/\/agora.xtec.cat\/ceiprocafonda\/wp-content\/uploads\/usu416\/2024\/02\/CARTELL-CARNAVAL-1-768x1086.png 768w, https:\/\/agora.xtec.cat\/ceiprocafonda\/wp-content\/uploads\/usu416\/2024\/02\/CARTELL-CARNAVAL-1-1086x1536.png 1086w, https:\/\/agora.xtec.cat\/ceiprocafonda\/wp-content\/uploads\/usu416\/2024\/02\/CARTELL-CARNAVAL-1-1448x2048.png 1448w, https:\/\/agora.xtec.cat\/ceiprocafonda\/wp-content\/uploads\/usu416\/2024\/02\/CARTELL-CARNAVAL-1.png 1587w\" sizes=\"auto, (max-width: 724px) 100vw, 724px\" \/><\/a><\/p>\n<p>Aprofitem per recordar-vos que el <strong>dilluns 12 i dimarts 13<\/strong> <strong>de febrer<\/strong> s\u00f3n dies de lliure disposici\u00f3 i l\u2019escola romandr\u00e0 tancada.<\/p>\n","protected":false},"excerpt":{"rendered":"<p>Ja s\u2019acosta l\u2019\u00e8poca de Carnestoltes i sempre ens fa molta il\u00b7lusi\u00f3 compartir amb vosaltres els diferents actes que realitzarem. \u00c9s per aix\u00f2 que us presentem el programa d&#8217;activitats que farem. Ens agradar\u00e0 molt\u00edssim que totes les fam\u00edlies vingueu el divendres 9 de febrer a les 16:15\u00a0a la rua de Carnaval! Aprofitem per recordar-vos que el [&hellip;]<\/p>\n","protected":false},"author":1,"featured_media":0,"comment_status":"open","ping_status":"closed","sticky":false,"template":"","format":"standard","meta":{"_bbp_topic_count":0,"_bbp_reply_count":0,"_bbp_total_topic_count":0,"_bbp_total_reply_count":0,"_bbp_voice_count":0,"_bbp_anonymous_reply_count":0,"_bbp_topic_count_hidden":0,"_bbp_reply_count_hidden":0,"_bbp_forum_subforum_count":0,"site-sidebar-layout":"default","site-content-layout":"","ast-site-content-layout":"","site-content-style":"default","site-sidebar-style":"default","ast-global-header-display":"","ast-banner-title-visibility":"","ast-main-header-display":"","ast-hfb-above-header-display":"","ast-hfb-below-header-display":"","ast-hfb-mobile-header-display":"","site-post-title":"","ast-breadcrumbs-content":"","ast-featured-img":"","footer-sml-layout":"","theme-transparent-header-meta":"","adv-header-id-meta":"","stick-header-meta":"","header-above-stick-meta":"","header-main-stick-meta":"","header-below-stick-meta":"","astra-migrate-meta-layouts":"default","ast-page-background-enabled":"default","ast-page-background-meta":{"desktop":{"background-color":"var(--ast-global-color-4)","background-image":"","background-repeat":"repeat","background-position":"center center","background-size":"auto","background-attachment":"scroll","background-type":"","background-media":"","overlay-type":"","overlay-color":"","overlay-opacity":"","overlay-gradient":""},"tablet":{"background-color":"","background-image":"","background-repeat":"repeat","background-position":"center center","background-size":"auto","background-attachment":"scroll","background-type":"","background-media":"","overlay-type":"","overlay-color":"","overlay-opacity":"","overlay-gradient":""},"mobile":{"background-color":"","background-image":"","background-repeat":"repeat","background-position":"center center","background-size":"auto","background-attachment":"scroll","background-type":"","background-media":"","overlay-type":"","overlay-color":"","overlay-opacity":"","overlay-gradient":""}},"ast-content-background-meta":{"desktop":{"background-color":"var(--ast-global-color-5)","background-image":"","background-repeat":"repeat","background-position":"center center","background-size":"auto","background-attachment":"scroll","background-type":"","background-media":"","overlay-type":"","overlay-color":"","overlay-opacity":"","overlay-gradient":""},"tablet":{"background-color":"var(--ast-global-color-5)","background-image":"","background-repeat":"repeat","background-position":"center center","background-size":"auto","background-attachment":"scroll","background-type":"","background-media":"","overlay-type":"","overlay-color":"","overlay-opacity":"","overlay-gradient":""},"mobile":{"background-color":"var(--ast-global-color-5)","background-image":"","background-repeat":"repeat","background-position":"center center","background-size":"auto","background-attachment":"scroll","background-type":"","background-media":"","overlay-type":"","overlay-color":"","overlay-opacity":"","overlay-gradient":""}},"footnotes":""},"categories":[2,80,84,1,81,4],"tags":[],"class_list":["post-13605","post","type-post","status-publish","format-standard","hentry","category-infantil","category-educacio-primaria","category-festes-a-lescola","category-general","category-nivells","category-portada"],"post_mailing_queue_ids":[],"_links":{"self":[{"href":"https:\/\/agora.xtec.cat\/ceiprocafonda\/wp-json\/wp\/v2\/posts\/13605","targetHints":{"allow":["GET"]}}],"collection":[{"href":"https:\/\/agora.xtec.cat\/ceiprocafonda\/wp-json\/wp\/v2\/posts"}],"about":[{"href":"https:\/\/agora.xtec.cat\/ceiprocafonda\/wp-json\/wp\/v2\/types\/post"}],"author":[{"embeddable":true,"href":"https:\/\/agora.xtec.cat\/ceiprocafonda\/wp-json\/wp\/v2\/users\/1"}],"replies":[{"embeddable":true,"href":"https:\/\/agora.xtec.cat\/ceiprocafonda\/wp-json\/wp\/v2\/comments?post=13605"}],"version-history":[{"count":1,"href":"https:\/\/agora.xtec.cat\/ceiprocafonda\/wp-json\/wp\/v2\/posts\/13605\/revisions"}],"predecessor-version":[{"id":13608,"href":"https:\/\/agora.xtec.cat\/ceiprocafonda\/wp-json\/wp\/v2\/posts\/13605\/revisions\/13608"}],"wp:attachment":[{"href":"https:\/\/agora.xtec.cat\/ceiprocafonda\/wp-json\/wp\/v2\/media?parent=13605"}],"wp:term":[{"taxonomy":"category","embeddable":true,"href":"https:\/\/agora.xtec.cat\/ceiprocafonda\/wp-json\/wp\/v2\/categories?post=13605"},{"taxonomy":"post_tag","embeddable":true,"href":"https:\/\/agora.xtec.cat\/ceiprocafonda\/wp-json\/wp\/v2\/tags?post=13605"}],"curies":[{"name":"wp","href":"https:\/\/api.w.org\/{rel}","templated":true}]}}