{"id":12013,"date":"2023-06-09T08:30:41","date_gmt":"2023-06-09T06:30:41","guid":{"rendered":"https:\/\/agora.xtec.cat\/ceiprocafonda\/?p=12013"},"modified":"2023-06-09T08:33:08","modified_gmt":"2023-06-09T06:33:08","slug":"trobada-de-flabiols-4t","status":"publish","type":"post","link":"https:\/\/agora.xtec.cat\/ceiprocafonda\/general\/trobada-de-flabiols-4t\/","title":{"rendered":"Trobada de flabiols 4t"},"content":{"rendered":"<div dir=\"auto\">Els grups de 4t estem molt contents d\u2019haver participat per primer cop a la Trobada de flabiols de \u201cpetits\u201d. Hem anat en cercavila, de placeta en placeta, tocant i cantant el nostre repertori.<\/div>\n<div dir=\"auto\">@escola_rocafonda @escolap\u00fablica<\/div>\n<div dir=\"auto\">@elflabiolalescola<\/div>\n<div dir=\"auto\">#escolarocafonda<\/div>\n<div dir=\"auto\">#araArt<\/div>\n<div dir=\"auto\">#escolap\u00fablica<\/div>\n<div dir=\"auto\">#educaci\u00f3musical<\/div>\n<div dir=\"auto\">#flabiol300<\/div>\n<div dir=\"auto\">\r\n\t<div class=\"slideshow_container slideshow_container_style-light\" style=\"height: 300px; \" data-slideshow-id=\"12009\" data-style-name=\"style-light\" data-style-version=\"2.3.1\" >\r\n\r\n\t\t\t\t\t<div class=\"slideshow_loading_icon\"><\/div>\r\n\t\t\r\n\t\t<div class=\"slideshow_content\" style=\"display: none;\">\r\n\r\n\t\t\t<div class=\"slideshow_view\">\r\n\t\t\t\t<div class=\"slideshow_slide slideshow_slide_image\">\r\n\t\t\t\t\t\t\t\t\t\t\t<img src=\"https:\/\/agora.xtec.cat\/ceiprocafonda\/wp-content\/uploads\/usu416\/2023\/06\/VID-20230608-WA0008.mp4\" alt=\"VID-20230608-WA0008\"   \/>\r\n\t\t\t\t\t\t\t\t\t\t<div class=\"slideshow_description_box slideshow_transparent\">\r\n\t\t\t\t\t\t<div class=\"slideshow_title\">VID-20230608-WA0008<\/div>\t\t\t\t\t\t\t\t\t\t\t<\/div>\r\n\t\t\t\t<\/div>\r\n\r\n\t\t\t\t\t\t<div style=\"clear: both;\"><\/div><\/div><div class=\"slideshow_view\">\r\n\t\t\t\t<div class=\"slideshow_slide slideshow_slide_image\">\r\n\t\t\t\t\t\t\t\t\t\t\t<img src=\"https:\/\/agora.xtec.cat\/ceiprocafonda\/wp-content\/uploads\/usu416\/2023\/06\/IMG-20230608-WA0009.jpg\" alt=\"IMG-20230608-WA0009\" width=\"1600\" height=\"1200\" \/>\r\n\t\t\t\t\t\t\t\t\t\t<div class=\"slideshow_description_box slideshow_transparent\">\r\n\t\t\t\t\t\t<div class=\"slideshow_title\">IMG-20230608-WA0009<\/div>\t\t\t\t\t\t\t\t\t\t\t<\/div>\r\n\t\t\t\t<\/div>\r\n\r\n\t\t\t\t\t\t<div style=\"clear: both;\"><\/div><\/div><div class=\"slideshow_view\">\r\n\t\t\t\t<div class=\"slideshow_slide slideshow_slide_image\">\r\n\t\t\t\t\t\t\t\t\t\t\t<img src=\"https:\/\/agora.xtec.cat\/ceiprocafonda\/wp-content\/uploads\/usu416\/2023\/06\/IMG-20230608-WA0007.jpg\" alt=\"IMG-20230608-WA0007\" width=\"1439\" height=\"1079\" \/>\r\n\t\t\t\t\t\t\t\t\t\t<div class=\"slideshow_description_box slideshow_transparent\">\r\n\t\t\t\t\t\t<div class=\"slideshow_title\">IMG-20230608-WA0007<\/div>\t\t\t\t\t\t\t\t\t\t\t<\/div>\r\n\t\t\t\t<\/div>\r\n\r\n\t\t\t\t\t\t<div style=\"clear: both;\"><\/div><\/div>\r\n\t\t<\/div>\r\n\r\n\t\t<div class=\"slideshow_controlPanel slideshow_transparent\" style=\"display: none;\"><ul><li class=\"slideshow_togglePlay\" data-play-text=\"Visualitza\" data-pause-text=\"Pausa\"><\/li><\/ul><\/div>\r\n\r\n\t\t<div class=\"slideshow_button slideshow_previous slideshow_transparent\" role=\"button\" data-previous-text=\"Anterior\" style=\"display: none;\"><\/div>\r\n\t\t<div class=\"slideshow_button slideshow_next slideshow_transparent\" role=\"button\" data-next-text=\"Seg\u00fcent\" style=\"display: none;\"><\/div>\r\n\r\n\t\t<div class=\"slideshow_pagination\" style=\"display: none;\" data-go-to-text=\"V\u00e9s a la diapositiva\"><div class=\"slideshow_pagination_center\"><\/div><\/div>\r\n\r\n\t\t<!-- WordPress Slideshow Version 2.3.1 -->\r\n\r\n\t\t\t<\/div>\r\n\r\n<\/div>\n<div dir=\"auto\">\n<div style=\"width: 848px;\" class=\"wp-video\"><!--[if lt IE 9]><script>document.createElement('video');<\/script><![endif]-->\n<video class=\"wp-video-shortcode\" id=\"video-12013-1\" width=\"848\" height=\"480\" preload=\"metadata\" controls=\"controls\"><source type=\"video\/mp4\" src=\"https:\/\/agora.xtec.cat\/ceiprocafonda\/wp-content\/uploads\/usu416\/2023\/06\/VID-20230608-WA0008-1.mp4?_=1\" \/><a href=\"https:\/\/agora.xtec.cat\/ceiprocafonda\/wp-content\/uploads\/usu416\/2023\/06\/VID-20230608-WA0008-1.mp4\">https:\/\/agora.xtec.cat\/ceiprocafonda\/wp-content\/uploads\/usu416\/2023\/06\/VID-20230608-WA0008-1.mp4<\/a><\/video><\/div>\n<\/div>\n","protected":false},"excerpt":{"rendered":"<p>Els grups de 4t estem molt contents d\u2019haver participat per primer cop a la Trobada de flabiols de \u201cpetits\u201d. Hem anat en cercavila, de placeta en placeta, tocant i cantant el nostre repertori. @escola_rocafonda @escolap\u00fablica @elflabiolalescola #escolarocafonda #araArt #escolap\u00fablica #educaci\u00f3musical #flabiol300<\/p>\n","protected":false},"author":1,"featured_media":0,"comment_status":"open","ping_status":"closed","sticky":false,"template":"","format":"standard","meta":{"_bbp_topic_count":0,"_bbp_reply_count":0,"_bbp_total_topic_count":0,"_bbp_total_reply_count":0,"_bbp_voice_count":0,"_bbp_anonymous_reply_count":0,"_bbp_topic_count_hidden":0,"_bbp_reply_count_hidden":0,"_bbp_forum_subforum_count":0,"site-sidebar-layout":"default","site-content-layout":"","ast-site-content-layout":"","site-content-style":"default","site-sidebar-style":"default","ast-global-header-display":"","ast-banner-title-visibility":"","ast-main-header-display":"","ast-hfb-above-header-display":"","ast-hfb-below-header-display":"","ast-hfb-mobile-header-display":"","site-post-title":"","ast-breadcrumbs-content":"","ast-featured-img":"","footer-sml-layout":"","theme-transparent-header-meta":"","adv-header-id-meta":"","stick-header-meta":"","header-above-stick-meta":"","header-main-stick-meta":"","header-below-stick-meta":"","astra-migrate-meta-layouts":"default","ast-page-background-enabled":"default","ast-page-background-meta":{"desktop":{"background-color":"var(--ast-global-color-4)","background-image":"","background-repeat":"repeat","background-position":"center center","background-size":"auto","background-attachment":"scroll","background-type":"","background-media":"","overlay-type":"","overlay-color":"","overlay-opacity":"","overlay-gradient":""},"tablet":{"background-color":"","background-image":"","background-repeat":"repeat","background-position":"center center","background-size":"auto","background-attachment":"scroll","background-type":"","background-media":"","overlay-type":"","overlay-color":"","overlay-opacity":"","overlay-gradient":""},"mobile":{"background-color":"","background-image":"","background-repeat":"repeat","background-position":"center center","background-size":"auto","background-attachment":"scroll","background-type":"","background-media":"","overlay-type":"","overlay-color":"","overlay-opacity":"","overlay-gradient":""}},"ast-content-background-meta":{"desktop":{"background-color":"var(--ast-global-color-5)","background-image":"","background-repeat":"repeat","background-position":"center center","background-size":"auto","background-attachment":"scroll","background-type":"","background-media":"","overlay-type":"","overlay-color":"","overlay-opacity":"","overlay-gradient":""},"tablet":{"background-color":"var(--ast-global-color-5)","background-image":"","background-repeat":"repeat","background-position":"center center","background-size":"auto","background-attachment":"scroll","background-type":"","background-media":"","overlay-type":"","overlay-color":"","overlay-opacity":"","overlay-gradient":""},"mobile":{"background-color":"var(--ast-global-color-5)","background-image":"","background-repeat":"repeat","background-position":"center center","background-size":"auto","background-attachment":"scroll","background-type":"","background-media":"","overlay-type":"","overlay-color":"","overlay-opacity":"","overlay-gradient":""}},"footnotes":""},"categories":[11,80,1,82,81,4],"tags":[],"class_list":["post-12013","post","type-post","status-publish","format-standard","hentry","category-4t","category-educacio-primaria","category-general","category-musica-art-i-teatre","category-nivells","category-portada"],"post_mailing_queue_ids":[],"_links":{"self":[{"href":"https:\/\/agora.xtec.cat\/ceiprocafonda\/wp-json\/wp\/v2\/posts\/12013","targetHints":{"allow":["GET"]}}],"collection":[{"href":"https:\/\/agora.xtec.cat\/ceiprocafonda\/wp-json\/wp\/v2\/posts"}],"about":[{"href":"https:\/\/agora.xtec.cat\/ceiprocafonda\/wp-json\/wp\/v2\/types\/post"}],"author":[{"embeddable":true,"href":"https:\/\/agora.xtec.cat\/ceiprocafonda\/wp-json\/wp\/v2\/users\/1"}],"replies":[{"embeddable":true,"href":"https:\/\/agora.xtec.cat\/ceiprocafonda\/wp-json\/wp\/v2\/comments?post=12013"}],"version-history":[{"count":1,"href":"https:\/\/agora.xtec.cat\/ceiprocafonda\/wp-json\/wp\/v2\/posts\/12013\/revisions"}],"predecessor-version":[{"id":12015,"href":"https:\/\/agora.xtec.cat\/ceiprocafonda\/wp-json\/wp\/v2\/posts\/12013\/revisions\/12015"}],"wp:attachment":[{"href":"https:\/\/agora.xtec.cat\/ceiprocafonda\/wp-json\/wp\/v2\/media?parent=12013"}],"wp:term":[{"taxonomy":"category","embeddable":true,"href":"https:\/\/agora.xtec.cat\/ceiprocafonda\/wp-json\/wp\/v2\/categories?post=12013"},{"taxonomy":"post_tag","embeddable":true,"href":"https:\/\/agora.xtec.cat\/ceiprocafonda\/wp-json\/wp\/v2\/tags?post=12013"}],"curies":[{"name":"wp","href":"https:\/\/api.w.org\/{rel}","templated":true}]}}