{"id":10709,"date":"2023-02-23T16:31:30","date_gmt":"2023-02-23T15:31:30","guid":{"rendered":"https:\/\/agora.xtec.cat\/ceiprocafonda\/?p=10709"},"modified":"2023-02-23T16:31:30","modified_gmt":"2023-02-23T15:31:30","slug":"fireta-del-cinema","status":"publish","type":"post","link":"https:\/\/agora.xtec.cat\/ceiprocafonda\/general\/fireta-del-cinema\/","title":{"rendered":"Fireta\u00a0del cinema"},"content":{"rendered":"<p>Amb molta il\u00b7lusi\u00f3, tot l&#8217;alumnat de l&#8217;escola est\u00e0 preparant la\u00a0fireta\u00a0del cinema\u00a0que farem el pr\u00f2xim dimecres 1 de mar\u00e7 a la pla\u00e7a de l&#8217;Ajuntament. No hi falteu!!\u00a0<img decoding=\"async\" class=\"an1\" src=\"https:\/\/fonts.gstatic.com\/s\/e\/notoemoji\/15.0\/1f60a\/32.png\" alt=\"\ud83d\ude0a\" data-emoji=\"\ud83d\ude0a\" aria-label=\"\ud83d\ude0a\" \/><span style=\"color: #888888;\"><br clear=\"all\" \/><\/span><\/p>\n<div><a href=\"https:\/\/agora.xtec.cat\/ceiprocafonda\/wp-content\/uploads\/usu416\/2023\/02\/CARTELL-FIRETA-A3-Imprimir-1.png\"><img loading=\"lazy\" decoding=\"async\" class=\"alignnone size-large wp-image-10710\" src=\"https:\/\/agora.xtec.cat\/ceiprocafonda\/wp-content\/uploads\/usu416\/2023\/02\/CARTELL-FIRETA-A3-Imprimir-1-724x1024.png\" alt=\"\" width=\"724\" height=\"1024\" srcset=\"https:\/\/agora.xtec.cat\/ceiprocafonda\/wp-content\/uploads\/usu416\/2023\/02\/CARTELL-FIRETA-A3-Imprimir-1-724x1024.png 724w, https:\/\/agora.xtec.cat\/ceiprocafonda\/wp-content\/uploads\/usu416\/2023\/02\/CARTELL-FIRETA-A3-Imprimir-1-212x300.png 212w, https:\/\/agora.xtec.cat\/ceiprocafonda\/wp-content\/uploads\/usu416\/2023\/02\/CARTELL-FIRETA-A3-Imprimir-1-768x1086.png 768w, https:\/\/agora.xtec.cat\/ceiprocafonda\/wp-content\/uploads\/usu416\/2023\/02\/CARTELL-FIRETA-A3-Imprimir-1-1086x1536.png 1086w, https:\/\/agora.xtec.cat\/ceiprocafonda\/wp-content\/uploads\/usu416\/2023\/02\/CARTELL-FIRETA-A3-Imprimir-1.png 1414w\" sizes=\"auto, (max-width: 724px) 100vw, 724px\" \/><\/a><\/div>\n","protected":false},"excerpt":{"rendered":"<p>Amb molta il\u00b7lusi\u00f3, tot l&#8217;alumnat de l&#8217;escola est\u00e0 preparant la\u00a0fireta\u00a0del cinema\u00a0que farem el pr\u00f2xim dimecres 1 de mar\u00e7 a la pla\u00e7a de l&#8217;Ajuntament. No hi falteu!!\u00a0<\/p>\n","protected":false},"author":1,"featured_media":0,"comment_status":"open","ping_status":"closed","sticky":false,"template":"","format":"standard","meta":{"_bbp_topic_count":0,"_bbp_reply_count":0,"_bbp_total_topic_count":0,"_bbp_total_reply_count":0,"_bbp_voice_count":0,"_bbp_anonymous_reply_count":0,"_bbp_topic_count_hidden":0,"_bbp_reply_count_hidden":0,"_bbp_forum_subforum_count":0,"site-sidebar-layout":"default","site-content-layout":"","ast-site-content-layout":"","site-content-style":"default","site-sidebar-style":"default","ast-global-header-display":"","ast-banner-title-visibility":"","ast-main-header-display":"","ast-hfb-above-header-display":"","ast-hfb-below-header-display":"","ast-hfb-mobile-header-display":"","site-post-title":"","ast-breadcrumbs-content":"","ast-featured-img":"","footer-sml-layout":"","theme-transparent-header-meta":"","adv-header-id-meta":"","stick-header-meta":"","header-above-stick-meta":"","header-main-stick-meta":"","header-below-stick-meta":"","astra-migrate-meta-layouts":"default","ast-page-background-enabled":"default","ast-page-background-meta":{"desktop":{"background-color":"var(--ast-global-color-4)","background-image":"","background-repeat":"repeat","background-position":"center center","background-size":"auto","background-attachment":"scroll","background-type":"","background-media":"","overlay-type":"","overlay-color":"","overlay-opacity":"","overlay-gradient":""},"tablet":{"background-color":"","background-image":"","background-repeat":"repeat","background-position":"center center","background-size":"auto","background-attachment":"scroll","background-type":"","background-media":"","overlay-type":"","overlay-color":"","overlay-opacity":"","overlay-gradient":""},"mobile":{"background-color":"","background-image":"","background-repeat":"repeat","background-position":"center center","background-size":"auto","background-attachment":"scroll","background-type":"","background-media":"","overlay-type":"","overlay-color":"","overlay-opacity":"","overlay-gradient":""}},"ast-content-background-meta":{"desktop":{"background-color":"var(--ast-global-color-5)","background-image":"","background-repeat":"repeat","background-position":"center center","background-size":"auto","background-attachment":"scroll","background-type":"","background-media":"","overlay-type":"","overlay-color":"","overlay-opacity":"","overlay-gradient":""},"tablet":{"background-color":"var(--ast-global-color-5)","background-image":"","background-repeat":"repeat","background-position":"center center","background-size":"auto","background-attachment":"scroll","background-type":"","background-media":"","overlay-type":"","overlay-color":"","overlay-opacity":"","overlay-gradient":""},"mobile":{"background-color":"var(--ast-global-color-5)","background-image":"","background-repeat":"repeat","background-position":"center center","background-size":"auto","background-attachment":"scroll","background-type":"","background-media":"","overlay-type":"","overlay-color":"","overlay-opacity":"","overlay-gradient":""}},"footnotes":""},"categories":[2,80,84,1,81,4],"tags":[],"class_list":["post-10709","post","type-post","status-publish","format-standard","hentry","category-infantil","category-educacio-primaria","category-festes-a-lescola","category-general","category-nivells","category-portada"],"post_mailing_queue_ids":[],"_links":{"self":[{"href":"https:\/\/agora.xtec.cat\/ceiprocafonda\/wp-json\/wp\/v2\/posts\/10709","targetHints":{"allow":["GET"]}}],"collection":[{"href":"https:\/\/agora.xtec.cat\/ceiprocafonda\/wp-json\/wp\/v2\/posts"}],"about":[{"href":"https:\/\/agora.xtec.cat\/ceiprocafonda\/wp-json\/wp\/v2\/types\/post"}],"author":[{"embeddable":true,"href":"https:\/\/agora.xtec.cat\/ceiprocafonda\/wp-json\/wp\/v2\/users\/1"}],"replies":[{"embeddable":true,"href":"https:\/\/agora.xtec.cat\/ceiprocafonda\/wp-json\/wp\/v2\/comments?post=10709"}],"version-history":[{"count":1,"href":"https:\/\/agora.xtec.cat\/ceiprocafonda\/wp-json\/wp\/v2\/posts\/10709\/revisions"}],"predecessor-version":[{"id":10711,"href":"https:\/\/agora.xtec.cat\/ceiprocafonda\/wp-json\/wp\/v2\/posts\/10709\/revisions\/10711"}],"wp:attachment":[{"href":"https:\/\/agora.xtec.cat\/ceiprocafonda\/wp-json\/wp\/v2\/media?parent=10709"}],"wp:term":[{"taxonomy":"category","embeddable":true,"href":"https:\/\/agora.xtec.cat\/ceiprocafonda\/wp-json\/wp\/v2\/categories?post=10709"},{"taxonomy":"post_tag","embeddable":true,"href":"https:\/\/agora.xtec.cat\/ceiprocafonda\/wp-json\/wp\/v2\/tags?post=10709"}],"curies":[{"name":"wp","href":"https:\/\/api.w.org\/{rel}","templated":true}]}}