{"id":728,"date":"2022-05-10T21:49:22","date_gmt":"2022-05-10T19:49:22","guid":{"rendered":"https:\/\/agora.xtec.cat\/ceiprivorubeo\/?p=728"},"modified":"2022-06-14T13:42:12","modified_gmt":"2022-06-14T11:42:12","slug":"superalumnes-superherois","status":"publish","type":"post","link":"https:\/\/agora.xtec.cat\/ceiprivorubeo\/altres-projectes\/superalumnes-superherois\/","title":{"rendered":"Superalumnes; superherois"},"content":{"rendered":"<p>Durant aquest curs 2016-17 a l\u2019escola Rivo Rubeo ens v\u00e0rem proposar actualitzar el Projecte Educatiu, conscients que, amb deu anys de vida i tres promocions a secund\u00e0ria, ja som un centre madur que pot concretar molt m\u00e9s qu\u00e8 pret\u00e9n aconseguir i quins camins tra\u00e7a per a fer-ho.<\/p>\n<p>El nostre projecte, aprovat el 2016 pel Consell Escolar i que es troba en fase de difusi\u00f3, es sustenta en els trets d\u2019identitat del Rivo que s\u2019han concretat en 10 idees clau compartides per tota la comunitat en un proc\u00e9s on han participat tant fam\u00edlies com docents (link al projecte a la web).<\/p>\n<p>D\u2019aquestes deu idees n\u2019han nascut deu superherois que les representen, que ens ajuden a portar-les a terme i que simbolitzen els nostres alumnes i les capacitats i compet\u00e8ncies per les que apostem amb fermesa en el seu proc\u00e9s de formaci\u00f3. A l\u2019annex del projecte es pot veure l\u2019exposici\u00f3 \u201c10 anys; 10 idees\u201d completa. I en el seg\u00fcent v\u00eddeo els nostres herois prenen vida per explicar-nos els seus poders: <a href=\"https:\/\/youtu.be\/UYUpJmE-exw\">https:\/\/youtu.be\/UYUpJmE-exw<\/a>.<\/p>\n<p><a href=\"https:\/\/drive.google.com\/file\/d\/0Bxg0UJ63ABssaVBXSXhod1Jhcm8\/view?usp=sharing\">SUPERALUMNES;SUPERHEROIS<\/a><\/p>\n","protected":false},"excerpt":{"rendered":"<p>Durant aquest curs 2016-17 a l\u2019escola Rivo Rubeo ens v\u00e0rem proposar actualitzar el Projecte Educatiu, conscients que, amb deu anys de vida i tres promocions a secund\u00e0ria, ja som un centre madur que pot concretar molt m\u00e9s qu\u00e8 pret\u00e9n aconseguir i quins camins tra\u00e7a per&hellip;  <a href=\"https:\/\/agora.xtec.cat\/ceiprivorubeo\/altres-projectes\/superalumnes-superherois\/\" title=\"Read Superalumnes; superherois\">Llegeix m\u00e9s\u00bb<\/a><\/p>\n","protected":false},"author":4,"featured_media":0,"comment_status":"closed","ping_status":"closed","sticky":false,"template":"","format":"standard","meta":{"_bbp_topic_count":0,"_bbp_reply_count":0,"_bbp_total_topic_count":0,"_bbp_total_reply_count":0,"_bbp_voice_count":0,"_bbp_anonymous_reply_count":0,"_bbp_topic_count_hidden":0,"_bbp_reply_count_hidden":0,"_bbp_forum_subforum_count":0,"footnotes":""},"categories":[70],"tags":[],"class_list":["post-728","post","type-post","status-publish","format-standard","hentry","category-altres-projectes"],"post_mailing_queue_ids":[],"_links":{"self":[{"href":"https:\/\/agora.xtec.cat\/ceiprivorubeo\/wp-json\/wp\/v2\/posts\/728","targetHints":{"allow":["GET"]}}],"collection":[{"href":"https:\/\/agora.xtec.cat\/ceiprivorubeo\/wp-json\/wp\/v2\/posts"}],"about":[{"href":"https:\/\/agora.xtec.cat\/ceiprivorubeo\/wp-json\/wp\/v2\/types\/post"}],"author":[{"embeddable":true,"href":"https:\/\/agora.xtec.cat\/ceiprivorubeo\/wp-json\/wp\/v2\/users\/4"}],"replies":[{"embeddable":true,"href":"https:\/\/agora.xtec.cat\/ceiprivorubeo\/wp-json\/wp\/v2\/comments?post=728"}],"version-history":[{"count":1,"href":"https:\/\/agora.xtec.cat\/ceiprivorubeo\/wp-json\/wp\/v2\/posts\/728\/revisions"}],"predecessor-version":[{"id":729,"href":"https:\/\/agora.xtec.cat\/ceiprivorubeo\/wp-json\/wp\/v2\/posts\/728\/revisions\/729"}],"wp:attachment":[{"href":"https:\/\/agora.xtec.cat\/ceiprivorubeo\/wp-json\/wp\/v2\/media?parent=728"}],"wp:term":[{"taxonomy":"category","embeddable":true,"href":"https:\/\/agora.xtec.cat\/ceiprivorubeo\/wp-json\/wp\/v2\/categories?post=728"},{"taxonomy":"post_tag","embeddable":true,"href":"https:\/\/agora.xtec.cat\/ceiprivorubeo\/wp-json\/wp\/v2\/tags?post=728"}],"curies":[{"name":"wp","href":"https:\/\/api.w.org\/{rel}","templated":true}]}}